{"id":33486,"date":"2018-04-17T17:41:15","date_gmt":"2018-04-17T17:41:15","guid":{"rendered":"https:\/\/www.a-emotionallight.com\/new-design-catalogue-new-finishes-greater-chromatic-flexibility-2\/"},"modified":"2018-12-10T12:16:52","modified_gmt":"2018-12-10T12:16:52","slug":"finalistas-i-premio-arturo-alvarez","status":"publish","type":"post","link":"https:\/\/www.a-emotionallight.com\/es\/finalistas-i-premio-arturo-alvarez\/","title":{"rendered":"LA LUZ HACE BRILLAR EL TALENTO DE LOS FINALISTAS DEL I PREMIO ARTURO \u00c1LVAREZ"},"content":{"rendered":"<section class=\"wpb-content-wrapper\"><p>[vc_row row_type=\u00bbrow\u00bb use_row_as_full_screen_section=\u00bbno\u00bb type=\u00bbfull_width\u00bb text_align=\u00bbleft\u00bb background_animation=\u00bbnone\u00bb css_animation=\u00bb\u00bb][vc_column][vc_column_text]<\/p>\n<p class=\"p1\">Energ\u00eda, evocaci\u00f3n y cr\u00edtica social son caracter\u00edsticas de los dise\u00f1os de estos 5 j\u00f3venes de gran ingenio, que presentaron su proyecto al\u00a0<strong>I Premio Arturo \u00c1lvarez<\/strong>\u00a0de j\u00f3venes talentos. El 21 de noviembre se lanzaba la convocatoria que hoy proclama a Karen Eva Azagoury Lutwak, Paula Coll Iturriaga, Daniel Qui\u00f1ones Torres, Judit Rozas Cabanas y Francisco Miguel \u00c1ngel Ygoa Fern\u00e1ndez de Castro como los finalistas de esta primera edici\u00f3n.<\/p>\n<p><!--more--><\/p>\n<p>El nombre del ganador de la primera edici\u00f3n del\u00a0<strong>Premio Arturo \u00c1lvarez\u00a0<\/strong>ser\u00e1 desvelado en las redes sociales. El pr\u00f3ximo 24 de abril, conoceremos al vencedor que recibir\u00e1 una dotaci\u00f3n econ\u00f3mica de\u00a02500\u20ac.<\/p>\n<p>[\/vc_column_text][vc_empty_space height=\u00bb15px\u00bb][vc_column_text]<\/p>\n<p class=\"p1\">Candidaturas provenientes de M\u00e9xico, Italia, Espa\u00f1a, Canad\u00e1, Chile, Croacia, India, Ecuador, L\u00edbano, USA, Marruecos, Serbia, Brasil, Ghana y Uruguay presentaron sus propuestas bajo la premisa de ser hechas a mano y en l\u00ednea con la filosof\u00eda de crear objetos \u00fanicos, de calidad y atenci\u00f3n a los detalles.<\/p>\n<p>[\/vc_column_text][vc_empty_space height=\u00bb15px\u00bb][vc_column_text]<\/p>\n<p class=\"p1\"><em>KA_LA, Ovolana, Squama, Marea\u00a0<\/em>y<em>\u00a0First Light<\/em>\u00a0son los nombres de los proyectos preseleccionados. Formas naturales, cr\u00edtica social, dise\u00f1o explosivo\u2026 As\u00ed se definen los proyectos finalistas.<\/p>\n<p>[\/vc_column_text][vc_empty_space height=\u00bb15px\u00bb][\/vc_column][\/vc_row][vc_row row_type=\u00bbrow\u00bb use_row_as_full_screen_section=\u00bbno\u00bb type=\u00bbfull_width\u00bb text_align=\u00bbleft\u00bb background_animation=\u00bbnone\u00bb css_animation=\u00bb\u00bb][vc_column width=\u00bb1\/2&#8243;][vc_empty_space][vc_single_image image=\u00bb28995&#8243; img_size=\u00bblarge\u00bb add_caption=\u00bbyes\u00bb onclick=\u00bbcustom_link\u00bb img_link_target=\u00bb_blank\u00bb qode_css_animation=\u00bb\u00bb][vc_empty_space][vc_column_text]<\/p>\n<p class=\"p1\">Karen Eva Azagoury Lutwak desde Florida, USA, seleccionada con su proyecto\u00a0<em>KA_LA<\/em>\u00a0trata de representar la forma natural de la flor cala.<\/p>\n<p>[\/vc_column_text][\/vc_column][vc_column width=\u00bb1\/2&#8243;][vc_empty_space][vc_single_image image=\u00bb28983&#8243; img_size=\u00bblarge\u00bb add_caption=\u00bbyes\u00bb onclick=\u00bbcustom_link\u00bb img_link_target=\u00bb_blank\u00bb qode_css_animation=\u00bb\u00bb][vc_empty_space][vc_column_text]<\/p>\n<p class=\"p1\"><em>Ovolana<\/em>, el proyecto de la mallorquina Paula, re\u00fane la madera de roble y la lana para crear un dise\u00f1o personalizable por el usuario.<\/p>\n<p>[\/vc_column_text][\/vc_column][\/vc_row][vc_row row_type=\u00bbrow\u00bb use_row_as_full_screen_section=\u00bbno\u00bb type=\u00bbfull_width\u00bb text_align=\u00bbleft\u00bb background_animation=\u00bbnone\u00bb css_animation=\u00bb\u00bb][vc_column width=\u00bb1\/2&#8243;][vc_empty_space][vc_single_image image=\u00bb28984&#8243; img_size=\u00bblarge\u00bb add_caption=\u00bbyes\u00bb onclick=\u00bbcustom_link\u00bb img_link_target=\u00bb_blank\u00bb qode_css_animation=\u00bb\u00bb][vc_empty_space][vc_column_text]<\/p>\n<p class=\"p1\">El madrile\u00f1o Daniel, presenta\u00a0<em>Squama<\/em>, un dise\u00f1o inspirado en el oc\u00e9ano y las texturas.<\/p>\n<p>[\/vc_column_text][\/vc_column][vc_column width=\u00bb1\/2&#8243;][vc_empty_space][vc_single_image image=\u00bb29000&#8243; img_size=\u00bblarge\u00bb add_caption=\u00bbyes\u00bb onclick=\u00bbcustom_link\u00bb img_link_target=\u00bb_blank\u00bb qode_css_animation=\u00bb\u00bb][vc_empty_space][vc_column_text]<\/p>\n<p class=\"p1\"><em>Marea<\/em>\u00a0de la compostelana Judit, es una cr\u00edtica del estado de los oc\u00e9anos donde re\u00fane dise\u00f1o y reutilizaci\u00f3n de materiales.<\/p>\n<p>[\/vc_column_text][\/vc_column][\/vc_row][vc_row row_type=\u00bbrow\u00bb use_row_as_full_screen_section=\u00bbno\u00bb type=\u00bbfull_width\u00bb text_align=\u00bbleft\u00bb background_animation=\u00bbnone\u00bb css_animation=\u00bb\u00bb][vc_column width=\u00bb1\/2&#8243;][vc_empty_space][vc_single_image image=\u00bb28986&#8243; img_size=\u00bblarge\u00bb add_caption=\u00bbyes\u00bb onclick=\u00bbcustom_link\u00bb img_link_target=\u00bb_blank\u00bb qode_css_animation=\u00bb\u00bb][vc_empty_space][vc_column_text]<\/p>\n<p class=\"p1\"><em>First Light<\/em>, energ\u00eda y explosi\u00f3n caracter\u00edstica de esta propuesta del madrile\u00f1o Francisco Miguel \u00c1ngel.<\/p>\n<p>[\/vc_column_text][\/vc_column][vc_column width=\u00bb1\/2&#8243;][\/vc_column][\/vc_row][vc_row row_type=\u00bbrow\u00bb use_row_as_full_screen_section=\u00bbno\u00bb type=\u00bbfull_width\u00bb text_align=\u00bbleft\u00bb background_animation=\u00bbnone\u00bb css_animation=\u00bb\u00bb][vc_column][vc_empty_space height=\u00bb42px\u00bb][vc_column_text]<\/p>\n<p class=\"p1\">Tras 20 a\u00f1os dise\u00f1ando y fabricando luminarias, el pasado noviembre Arturo \u00c1lvarez lanzaba una oportunidad para conocer a j\u00f3venes creadores. Como requisito principal coherencia con la filosof\u00eda handmade de la marca. L\u00e1mparas \u00fanicas e inspirados en artesan\u00eda tradicional.<\/p>\n<p>[\/vc_column_text][\/vc_column][\/vc_row]<\/p>\n<\/section>","protected":false},"excerpt":{"rendered":"<p>[vc_row row_type=\u00bbrow\u00bb use_row_as_full_screen_section=\u00bbno\u00bb type=\u00bbfull_width\u00bb text_align=\u00bbleft\u00bb background_animation=\u00bbnone\u00bb css_animation=\u00bb\u00bb][vc_column][vc_column_text] Energ\u00eda, evocaci\u00f3n y cr\u00edtica social son caracter\u00edsticas de los dise\u00f1os de estos 5 j\u00f3venes de gran ingenio, que presentaron su proyecto al\u00a0I Premio Arturo \u00c1lvarez\u00a0de j\u00f3venes talentos. El 21 de noviembre se lanzaba la convocatoria que hoy proclama a Karen Eva Azagoury Lutwak, Paula Coll Iturriaga, Daniel Qui\u00f1ones Torres, Judit Rozas Cabanas y Francisco Miguel \u00c1ngel Ygoa Fern\u00e1ndez de Castro como los finalistas de esta primera edici\u00f3n.<\/p>\n","protected":false},"author":2,"featured_media":33670,"comment_status":"open","ping_status":"open","sticky":false,"template":"","format":"standard","meta":{"inline_featured_image":false,"footnotes":""},"categories":[68],"tags":[],"aioseo_notices":[],"_links":{"self":[{"href":"https:\/\/www.a-emotionallight.com\/es\/wp-json\/wp\/v2\/posts\/33486"}],"collection":[{"href":"https:\/\/www.a-emotionallight.com\/es\/wp-json\/wp\/v2\/posts"}],"about":[{"href":"https:\/\/www.a-emotionallight.com\/es\/wp-json\/wp\/v2\/types\/post"}],"author":[{"embeddable":true,"href":"https:\/\/www.a-emotionallight.com\/es\/wp-json\/wp\/v2\/users\/2"}],"replies":[{"embeddable":true,"href":"https:\/\/www.a-emotionallight.com\/es\/wp-json\/wp\/v2\/comments?post=33486"}],"version-history":[{"count":1,"href":"https:\/\/www.a-emotionallight.com\/es\/wp-json\/wp\/v2\/posts\/33486\/revisions"}],"predecessor-version":[{"id":33487,"href":"https:\/\/www.a-emotionallight.com\/es\/wp-json\/wp\/v2\/posts\/33486\/revisions\/33487"}],"wp:featuredmedia":[{"embeddable":true,"href":"https:\/\/www.a-emotionallight.com\/es\/wp-json\/wp\/v2\/media\/33670"}],"wp:attachment":[{"href":"https:\/\/www.a-emotionallight.com\/es\/wp-json\/wp\/v2\/media?parent=33486"}],"wp:term":[{"taxonomy":"category","embeddable":true,"href":"https:\/\/www.a-emotionallight.com\/es\/wp-json\/wp\/v2\/categories?post=33486"},{"taxonomy":"post_tag","embeddable":true,"href":"https:\/\/www.a-emotionallight.com\/es\/wp-json\/wp\/v2\/tags?post=33486"}],"curies":[{"name":"wp","href":"https:\/\/api.w.org\/{rel}","templated":true}]}}