{"id":33519,"date":"2017-12-11T09:42:26","date_gmt":"2017-12-11T09:42:26","guid":{"rendered":"https:\/\/www.a-emotionallight.com\/espanol-arturo-alvarez-entre-los-influyentes17-de-t-magazine\/"},"modified":"2021-07-07T08:30:20","modified_gmt":"2021-07-07T08:30:20","slug":"espanol-arturo-alvarez-entre-los-influyentes17-de-t-magazine","status":"publish","type":"post","link":"https:\/\/www.a-emotionallight.com\/es\/espanol-arturo-alvarez-entre-los-influyentes17-de-t-magazine\/","title":{"rendered":"ARTURO \u00c1LVAREZ ENTRE LOS #INFLUYENTES17 DE T-MAGAZINE"},"content":{"rendered":"<section class=\"wpb-content-wrapper\"><p>[vc_row row_type=\u00bbrow\u00bb use_row_as_full_screen_section=\u00bbno\u00bb type=\u00bbfull_width\u00bb text_align=\u00bbleft\u00bb background_animation=\u00bbnone\u00bb css_animation=\u00bb\u00bb][vc_column][vc_column_text]<a href=\"http:\/\/www.tmagazine.es\/diseno\/influyentes17\/\" target=\"_blank\" rel=\"noopener\"><em>T Spain<\/em><\/a>, la edici\u00f3n espa\u00f1ola de la prestigiosa revista <a href=\"https:\/\/www.nytimes.com\/section\/t-magazine\" target=\"_blank\" rel=\"noopener\"><em>The New York Times Style Magazine<\/em><\/a>, ha incluido a Arturo \u00c1lvarez en su selecci\u00f3n de #Influyentes17, que re\u00fane a las personas que han marcado el dise\u00f1o de interiores, la arquitectura y el estilo de vida este 2017.<\/p>\n<p><!--more-->[\/vc_column_text][vc_empty_space][vc_single_image image=\u00bb28102&#8243; img_size=\u00bblarge\u00bb qode_css_animation=\u00bb\u00bb][vc_empty_space][vc_column_text]Arturo \u00c1lvarez aparece destacado junto a grandes nombres como el del arquitecto ghan\u00e9s David Adjaye, una de las 100 personas m\u00e1s influyentes de 2017 para la revista <em>Time<\/em>; los dise\u00f1adores Michael Anastassiades y Patricia Urquiola; la <em>senior curator<\/em> de Arquitectura y Dise\u00f1o del MoMA, Paola Antonelli; la firma de moda Helmut Lang; el empresario Elon Musk; el estudio de arquitectura RCR Arquitectes o el tambi\u00e9n dise\u00f1ador gallego Tom\u00e1s Alonso.<\/p>\n<p>&nbsp;<\/p>\n<p>De \u00e9l dicen: <em>\u201cFund\u00f3\u00a0su compa\u00f1\u00eda hom\u00f3nima\u00a0en 1994. Desde entonces, sus l\u00e1mparas han destacado y ha vivido una r\u00e1pida internacionalizaci\u00f3n. Este a\u00f1o, la presentaci\u00f3n de sus luminarias humanoides <a href=\"http:\/\/arturo-alvarez.com\/art\/es\/agora\/\" target=\"_blank\" rel=\"noopener\">Agora<\/a>, <a href=\"http:\/\/arturo-alvarez.com\/art\/es\/obra\/conversas\/\" target=\"_blank\" rel=\"noopener\">Conversas<\/a> y <a href=\"http:\/\/arturo-alvarez.com\/art\/es\/obra\/encontros\/\" target=\"_blank\" rel=\"noopener\">Encontros<\/a> en el <a href=\"https:\/\/www.a-emotionallight.com\/es\/2017\/04\/el-diseno-espanol-hace-historia-en-milan-con-arturo-alvarez\" target=\"_blank\" rel=\"noopener\">Salone del Mobile de Milano<\/a> caus\u00f3 aut\u00e9ntico furor entre p\u00fablico y cr\u00edtica, siendo una de las presentaciones m\u00e1s comentadas en medios especializados (lo dice <a href=\"https:\/\/www.dezeen.com\/2017\/04\/07\/milanogram2017-highlights-day-five-milan-design-week-salone-del-mobile-euroluce\/\" target=\"_blank\" rel=\"noopener\">Dezeen<\/a>) y redes sociales\u201d.<\/em>[\/vc_column_text][vc_empty_space][vc_single_image image=\u00bb28100&#8243; img_size=\u00bblarge\u00bb qode_css_animation=\u00bb\u00bb][vc_empty_space][vc_single_image image=\u00bb28103&#8243; img_size=\u00bblarge\u00bb qode_css_animation=\u00bb\u00bb el_class=\u00bbrcr arquitectes\u00bb][vc_empty_space][vc_column_text]Ilustraciones:\u00a0<a href=\"http:\/\/mariayelletisch.com\/\" target=\"_blank\" rel=\"noopener noreferrer\">Mar\u00eda Yelletisch<\/a>[\/vc_column_text][\/vc_column][vc_column][\/vc_column][\/vc_row]<\/p>\n<\/section>","protected":false},"excerpt":{"rendered":"<p>[vc_row row_type=\u00bbrow\u00bb use_row_as_full_screen_section=\u00bbno\u00bb type=\u00bbfull_width\u00bb text_align=\u00bbleft\u00bb background_animation=\u00bbnone\u00bb css_animation=\u00bb\u00bb][vc_column][vc_column_text]T Spain, la edici\u00f3n espa\u00f1ola de la prestigiosa revista The New York Times Style Magazine, ha incluido a Arturo \u00c1lvarez en su selecci\u00f3n de #Influyentes17, que re\u00fane a las personas que han marcado el dise\u00f1o de interiores, la arquitectura y el estilo de vida este 2017.<\/p>\n","protected":false},"author":2,"featured_media":45729,"comment_status":"open","ping_status":"open","sticky":false,"template":"","format":"standard","meta":{"inline_featured_image":false,"footnotes":""},"categories":[68],"tags":[],"aioseo_notices":[],"_links":{"self":[{"href":"https:\/\/www.a-emotionallight.com\/es\/wp-json\/wp\/v2\/posts\/33519"}],"collection":[{"href":"https:\/\/www.a-emotionallight.com\/es\/wp-json\/wp\/v2\/posts"}],"about":[{"href":"https:\/\/www.a-emotionallight.com\/es\/wp-json\/wp\/v2\/types\/post"}],"author":[{"embeddable":true,"href":"https:\/\/www.a-emotionallight.com\/es\/wp-json\/wp\/v2\/users\/2"}],"replies":[{"embeddable":true,"href":"https:\/\/www.a-emotionallight.com\/es\/wp-json\/wp\/v2\/comments?post=33519"}],"version-history":[{"count":1,"href":"https:\/\/www.a-emotionallight.com\/es\/wp-json\/wp\/v2\/posts\/33519\/revisions"}],"predecessor-version":[{"id":33520,"href":"https:\/\/www.a-emotionallight.com\/es\/wp-json\/wp\/v2\/posts\/33519\/revisions\/33520"}],"wp:featuredmedia":[{"embeddable":true,"href":"https:\/\/www.a-emotionallight.com\/es\/wp-json\/wp\/v2\/media\/45729"}],"wp:attachment":[{"href":"https:\/\/www.a-emotionallight.com\/es\/wp-json\/wp\/v2\/media?parent=33519"}],"wp:term":[{"taxonomy":"category","embeddable":true,"href":"https:\/\/www.a-emotionallight.com\/es\/wp-json\/wp\/v2\/categories?post=33519"},{"taxonomy":"post_tag","embeddable":true,"href":"https:\/\/www.a-emotionallight.com\/es\/wp-json\/wp\/v2\/tags?post=33519"}],"curies":[{"name":"wp","href":"https:\/\/api.w.org\/{rel}","templated":true}]}}