{"id":33559,"date":"2017-06-26T13:05:16","date_gmt":"2017-06-26T13:05:16","guid":{"rendered":"https:\/\/www.a-emotionallight.com\/saint-john-eve-light-tradicion-community\/"},"modified":"2018-12-10T12:34:54","modified_gmt":"2018-12-10T12:34:54","slug":"saint-john-eve-light-tradicion-community","status":"publish","type":"post","link":"https:\/\/www.a-emotionallight.com\/es\/saint-john-eve-light-tradicion-community\/","title":{"rendered":"SAN JUAN: LUZ, TRADICI\u00d3N Y COMUNIDAD"},"content":{"rendered":"<section class=\"wpb-content-wrapper\"><p>[vc_row row_type=\u00bbrow\u00bb use_row_as_full_screen_section=\u00bbno\u00bb type=\u00bbfull_width\u00bb text_align=\u00bbleft\u00bb background_animation=\u00bbnone\u00bb css_animation=\u00bb\u00bb][vc_column][vc_column_text]Cada a\u00f1o esperamos con ilusi\u00f3n la llegada del 23 de junio para unirnos a una fiesta muy ligada a nuestro entorno y ra\u00edces: la noche de San Juan. La celebramos, junto con nuestros vecinos, en el <a href=\"http:\/\/www.santiagoturismo.com\/areas-recreativas\/rea-recreativa-del-areal-de-berres\" target=\"_blank\" rel=\"noopener\">Areal de Berres<\/a>, junto al r\u00edo Ulla, muy cerca de nuestro taller.\u00a0Este rinc\u00f3n, en el que la naturaleza se expresa libre y nos acoge en su verde frondosidad, se convierte en el escenario de un ritual marcado por la luz y el fuego que da la bienvenida al solsticio de verano.<\/p>\n<p><!--more-->[\/vc_column_text][vc_empty_space][vc_single_image image=\u00bb27690&#8243; img_size=\u00bblarge\u00bb qode_css_animation=\u00bb\u00bb][vc_empty_space][vc_empty_space][vc_column_text]Una vez m\u00e1s, desde arturo alvarez colaboramos con un montaje de l\u00e1mparas para iluminar la noche m\u00e1s corta del a\u00f1o. En esta ocasi\u00f3n la instalaci\u00f3n estuvo formada por colgantes de la <a href=\"https:\/\/www.a-emotionallight.com\/es\/lighting\/coleccion-pili\" target=\"_blank\" rel=\"noopener\">colecci\u00f3n Pili<\/a>, en una composici\u00f3n de gran impacto visual. Con su irregularidad arm\u00f3nica y envolvente, el conjunto se integr\u00f3 en el hermoso paisaje del r\u00edo. Encanto y misterio para una noche m\u00e1gica.[\/vc_column_text][vc_empty_space][vc_single_image image=\u00bb27685&#8243; img_size=\u00bblarge\u00bb qode_css_animation=\u00bb\u00bb][vc_empty_space][vc_video link=\u00bbhttps:\/\/vimeo.com\/223123383&#8243;][vc_empty_space][vc_column_text]Luz, naturaleza, tradici\u00f3n, comunidad\u2026 Son muchos los aspectos que hacen \u00fanica la noche de San Xo\u00e1n do Areal. La colaboraci\u00f3n de los vecinos en la preparaci\u00f3n de la fiesta, la reuni\u00f3n al caer la tarde para disfrutar de la cena, los bailes tradicionales. Despu\u00e9s del \u00abluscofusco\u00bb, cuando la noche reclama su turno, la gente camina hacia el r\u00edo, y del silencio de las aguas del Ulla surge una barca. En la barca una mujer. Con la mujer una antorcha. Llega la luz. La luz que encender\u00e1 la hoguera.<\/p>\n<p>&nbsp;<\/p>\n<p>Comienzan las danzas alrededor del fuego. Los vecinos, amigos, familias\u2026\u00a0en silencio, hipnotizados por el fuego, reflexionando sobre lo que se deja atr\u00e1s, con el pensamiento puesto en sus pr\u00f3ximas metas. Cuando las danzas acaban y el fuego baja, es el momento de saltar \u00aba cacharela\u00bb\u00a0para protegernos de lo negativo, para quemar lo malo y dar la bienvenida a lo nuevo. \u00abMeigas f\u00f3ra!\u00bb[\/vc_column_text][vc_empty_space][vc_video link=\u00bbhttps:\/\/www.youtube.com\/watch?v=4vZSULvghEE\u00bb][vc_empty_space][vc_column_text]En arturo alvarez nos sentimos muy afortunados de poder colaborar con la comunidad en celebraciones como esta, y de poder trabajar en un entorno natural como el que nos rodea. <a href=\"https:\/\/www.a-emotionallight.com\/es\/2016\/07\/donde-nace-la-luz\" target=\"_blank\" rel=\"noopener\">Si nuestras l\u00e1mparas son como son es por este paisaje, por esta cultura, por la vida que se respira en el valle del Ulla<\/a>, la tierra a la que estamos ligados, y el lugar en el que decidimos establecer la empresa hace ya m\u00e1s de 20 a\u00f1os. Y todo ello a pesar de que nos dijeron que deb\u00edamos marcharnos para triunfar. El tiempo nos ha dado la raz\u00f3n, y demostrado que otra forma de hacer las cosas es posible. Trabajando con las manos, dando forma con dedicaci\u00f3n y cari\u00f1o a objetos \u00fanicos con dise\u00f1o y alma. Aprendiendo de la naturaleza y de la sabidur\u00eda de los artesanos de la zona. Encontrando equilibrio y armon\u00eda en las personas y en el entorno.[\/vc_column_text][vc_empty_space][vc_single_image image=\u00bb27686&#8243; img_size=\u00bblarge\u00bb qode_css_animation=\u00bb\u00bb][vc_empty_space][vc_column_text]Solo as\u00ed, solo aqu\u00ed, podemos crear nuestras luminarias llenas de emoci\u00f3n, inspiradas en la naturaleza y el ser humano. Dise\u00f1os que m\u00e1s all\u00e1 de la funci\u00f3n decorativa, contribuyan al bienestar y confort de las personas que quieran disfrutarlos durante toda la vida.[\/vc_column_text][vc_empty_space height=\u00bb40px\u00bb][\/vc_column][\/vc_row]<\/p>\n<\/section>","protected":false},"excerpt":{"rendered":"<p>[vc_row row_type=\u00bbrow\u00bb use_row_as_full_screen_section=\u00bbno\u00bb type=\u00bbfull_width\u00bb text_align=\u00bbleft\u00bb background_animation=\u00bbnone\u00bb css_animation=\u00bb\u00bb][vc_column][vc_column_text]Cada a\u00f1o esperamos con ilusi\u00f3n la llegada del 23 de junio para unirnos a una fiesta muy ligada a nuestro entorno y ra\u00edces: la noche de San Juan. La celebramos, junto con nuestros vecinos, en el Areal de Berres, junto al r\u00edo Ulla, muy cerca de nuestro taller.\u00a0Este rinc\u00f3n, en el que la naturaleza se expresa libre y nos acoge en su verde frondosidad, se convierte en el escenario de un ritual marcado por la luz y el fuego que da la bienvenida al solsticio de verano.<\/p>\n","protected":false},"author":2,"featured_media":33723,"comment_status":"open","ping_status":"open","sticky":false,"template":"","format":"standard","meta":{"inline_featured_image":false,"footnotes":""},"categories":[68],"tags":[],"aioseo_notices":[],"_links":{"self":[{"href":"https:\/\/www.a-emotionallight.com\/es\/wp-json\/wp\/v2\/posts\/33559"}],"collection":[{"href":"https:\/\/www.a-emotionallight.com\/es\/wp-json\/wp\/v2\/posts"}],"about":[{"href":"https:\/\/www.a-emotionallight.com\/es\/wp-json\/wp\/v2\/types\/post"}],"author":[{"embeddable":true,"href":"https:\/\/www.a-emotionallight.com\/es\/wp-json\/wp\/v2\/users\/2"}],"replies":[{"embeddable":true,"href":"https:\/\/www.a-emotionallight.com\/es\/wp-json\/wp\/v2\/comments?post=33559"}],"version-history":[{"count":1,"href":"https:\/\/www.a-emotionallight.com\/es\/wp-json\/wp\/v2\/posts\/33559\/revisions"}],"predecessor-version":[{"id":33560,"href":"https:\/\/www.a-emotionallight.com\/es\/wp-json\/wp\/v2\/posts\/33559\/revisions\/33560"}],"wp:featuredmedia":[{"embeddable":true,"href":"https:\/\/www.a-emotionallight.com\/es\/wp-json\/wp\/v2\/media\/33723"}],"wp:attachment":[{"href":"https:\/\/www.a-emotionallight.com\/es\/wp-json\/wp\/v2\/media?parent=33559"}],"wp:term":[{"taxonomy":"category","embeddable":true,"href":"https:\/\/www.a-emotionallight.com\/es\/wp-json\/wp\/v2\/categories?post=33559"},{"taxonomy":"post_tag","embeddable":true,"href":"https:\/\/www.a-emotionallight.com\/es\/wp-json\/wp\/v2\/tags?post=33559"}],"curies":[{"name":"wp","href":"https:\/\/api.w.org\/{rel}","templated":true}]}}