{"id":33575,"date":"2017-05-18T12:03:05","date_gmt":"2017-05-18T12:03:05","guid":{"rendered":"https:\/\/www.a-emotionallight.com\/euroluce-arturo-alvarez-press\/"},"modified":"2021-07-07T08:15:45","modified_gmt":"2021-07-07T08:15:45","slug":"euroluce-arturo-alvarez-press","status":"publish","type":"post","link":"https:\/\/www.a-emotionallight.com\/es\/euroluce-arturo-alvarez-press\/","title":{"rendered":"EUROLUCE: ARTURO ALVAREZ EN LA PRENSA"},"content":{"rendered":"<section class=\"wpb-content-wrapper\"><p>[vc_row row_type=\u00bbrow\u00bb use_row_as_full_screen_section=\u00bbno\u00bb type=\u00bbfull_width\u00bb text_align=\u00bbleft\u00bb background_animation=\u00bbnone\u00bb css_animation=\u00bb\u00bb][vc_column][vc_column_text]Una edici\u00f3n m\u00e1s Arturo \u00c1lvarez present\u00f3 sus nuevas propuestas en Euroluce. En esta ocasi\u00f3n sorprendi\u00f3 y entusiasm\u00f3 a p\u00fablico y cr\u00edtica incluyendo en su espacio expositivo un nuevo concepto de iluminaci\u00f3n art\u00edstica. El stand, en el que los l\u00edmites entre arte y dise\u00f1o se dilu\u00edan, est\u00e1 teniendo una enorme repercusi\u00f3n en las redes sociales y en medios de comunicaci\u00f3n especializados de todo el mundo. Estas son algunas de las apariciones en prensa especializada:<br \/>\n<!--more-->[\/vc_column_text][vc_empty_space][vc_column_text]<span style=\"color: #000000;\">DEZEEN<\/span><br \/>\nA trav\u00e9s del hashtag #milanogram2017, la influyente publicaci\u00f3n de arquitectura y dise\u00f1o destac\u00f3 las mejores propuestas del Salone del Mobile. Esto es lo que escribi\u00f3 sobre Conversas: \u201cEsta instalaci\u00f3n del dise\u00f1ador espa\u00f1ol Arturo \u00c1lvarez est\u00e1 dise\u00f1ada para provocar emociones, y ha sido una de las exposiciones de las que m\u00e1s se ha hablado este a\u00f1o\u201d.\u00a0<a href=\"https:\/\/www.dezeen.com\/2017\/04\/07\/milanogram2017-highlights-day-five-milan-design-week-salone-del-mobile-euroluce\/\" target=\"_blank\" rel=\"noopener\">Link<\/a>[\/vc_column_text][vc_single_image image=\u00bb27515&#8243; img_size=\u00bbfull\u00bb onclick=\u00bbcustom_link\u00bb img_link_target=\u00bb_blank\u00bb qode_css_animation=\u00bb\u00bb link=\u00bbhttps:\/\/www.dezeen.com\/2017\/04\/07\/milanogram2017-highlights-day-five-milan-design-week-salone-del-mobile-euroluce\/\u00bb][vc_empty_space height=\u00bb40px\u00bb][vc_column_text]<span style=\"color: #000000;\">AD RUSSIA<\/span><br \/>\nFueron muchos los medios que subrayaron que la instalaci\u00f3n Conversas estaba siendo una de las m\u00e1s fotografiadas de Euroluce. Entre ellos, AD Russia en su perfil de Instagram.\u00a0<a href=\"https:\/\/www.instagram.com\/p\/BSdtJhshfrJ\" target=\"_blank\" rel=\"noopener\">Link<\/a>[\/vc_column_text][vc_single_image image=\u00bb27512&#8243; img_size=\u00bbfull\u00bb onclick=\u00bbcustom_link\u00bb img_link_target=\u00bb_blank\u00bb qode_css_animation=\u00bb\u00bb link=\u00bbhttps:\/\/www.instagram.com\/p\/BSdtJhshfrJ\/\u00bb][vc_empty_space height=\u00bb40px\u00bb][vc_column_text]<span style=\"color: #000000;\">ARCHITONIC<\/span><br \/>\nEn su b\u00fasqueda de los mejores dise\u00f1os y las \u00faltimas tendencias en el Salone del Mobile, el equipo de Architonic cre\u00f3 una serie de \u00e1lbumes fotogr\u00e1ficos en sus redes sociales para reflejar estos hallazgos. arturo alvarez fue una de las marcas incluidas en el tour fotogr\u00e1fico. <a href=\"https:\/\/www.facebook.com\/Architonic\/photos\/a.10154584610031818.1073746772.274138756817\/10154584614491818\/?type=3\" target=\"_blank\" rel=\"noopener\">Link<\/a>[\/vc_column_text][vc_single_image image=\u00bb27514&#8243; img_size=\u00bbfull\u00bb onclick=\u00bbcustom_link\u00bb img_link_target=\u00bb_blank\u00bb qode_css_animation=\u00bb\u00bb link=\u00bbhttps:\/\/www.facebook.com\/Architonic\/photos\/a.10154584610031818.1073746772.274138756817\/10154584614491818\/?type=3&amp;theater\u00bb][vc_empty_space height=\u00bb40px\u00bb][vc_column_text]<span style=\"color: #000000;\">ARCHIPRODUCTS<\/span><br \/>\nEl portal internacional de arquitectura y dise\u00f1o dedic\u00f3 un amplio reportaje a la nueva propuesta art\u00edstica de Arturo \u00c1lvarez: Agora, Conversas y Encontros. <a href=\"http:\/\/www.archiproducts.com\/en\/news\/the-anthropomorphic-lights-by-arturo-alvarez_57819\" target=\"_blank\" rel=\"noopener\">Link<\/a>[\/vc_column_text][vc_single_image image=\u00bb27513&#8243; img_size=\u00bbfull\u00bb onclick=\u00bbcustom_link\u00bb img_link_target=\u00bb_blank\u00bb qode_css_animation=\u00bb\u00bb link=\u00bbhttp:\/\/www.archiproducts.com\/en\/news\/the-anthropomorphic-lights-by-arturo-alvarez_57819&#8243;][vc_empty_space height=\u00bb40px\u00bb][vc_column_text]<span style=\"color: #000000;\">SURFACES<\/span><br \/>\nDesde India, la revista especializada en materiales para arquitectura e interiores public\u00f3 una doble p\u00e1gina sobre el trabajo de Arturo \u00c1lvarez, dentro de su especial \u201c100 Designs from Milan\u201d. En ellas repasa la trayectoria del dise\u00f1ador y artista desde sus comienzos hasta convertirse en un dise\u00f1ador reconocido internacionalmente. <a href=\"https:\/\/issuu.com\/surfaces\/docs\/surfaces_reporter_20170501\/106\" target=\"_blank\" rel=\"noopener\">Link<\/a>[\/vc_column_text][vc_single_image image=\u00bb27518&#8243; img_size=\u00bbfull\u00bb onclick=\u00bbcustom_link\u00bb img_link_target=\u00bb_blank\u00bb qode_css_animation=\u00bb\u00bb link=\u00bbhttps:\/\/issuu.com\/surfaces\/docs\/surfaces_reporter_20170501\/106&#8243;][vc_empty_space height=\u00bb40px\u00bb][vc_column_text]<span style=\"color: #000000;\">DESIGNMAG<\/span><br \/>\nLa publicaci\u00f3n italiana tambi\u00e9n incluy\u00f3 a Arturo \u00c1lvarez entre lo mejor del Salone del Mobile, en una secci\u00f3n que destaca la perspectiva de los arquitectos acerca de la feria. <a href=\"http:\/\/www.designmag.it\/articolo\/euroluce-2017-il-meglio-secondo-b-p-architetti\/42385\/#refresh_ce\" target=\"_blank\" rel=\"noopener\">Link<\/a>[\/vc_column_text][vc_single_image image=\u00bb27521&#8243; img_size=\u00bbfull\u00bb onclick=\u00bbcustom_link\u00bb img_link_target=\u00bb_blank\u00bb qode_css_animation=\u00bb\u00bb link=\u00bbhttp:\/\/www.designmag.it\/articolo\/euroluce-2017-il-meglio-secondo-b-p-architetti\/42385\/#refresh_ce\u00bb][vc_empty_space height=\u00bb40px\u00bb][vc_column_text]<span style=\"color: #000000;\">EXPERIMENTA<\/span><br \/>\nLa revista espa\u00f1ola de dise\u00f1o destac\u00f3 el trabajo art\u00edstico Conversas de Arturo \u00c1lvarez en su art\u00edculo sobre las mejores luminarias del Salone del Mobile.\u00a0<a href=\"https:\/\/www.experimenta.es\/noticias\/industrial\/luminarias-que-dejaron-huella-en-el-salone-del-mobile-de-milan\/?utm_source=mailing27&amp;utm_medium=email&amp;utm_campaign=2MAYO2017\" target=\"_blank\" rel=\"noopener\">Link\u00a0<\/a>[\/vc_column_text][vc_single_image image=\u00bb27516&#8243; img_size=\u00bbfull\u00bb onclick=\u00bbcustom_link\u00bb img_link_target=\u00bb_blank\u00bb qode_css_animation=\u00bb\u00bb link=\u00bbhttps:\/\/www.experimenta.es\/noticias\/industrial\/luminarias-que-dejaron-huella-en-el-salone-del-mobile-de-milan\/?utm_source=mailing27&amp;utm_medium=email&amp;utm_campaign=2MAYO2017&#8243;][vc_empty_space height=\u00bb40px\u00bb][vc_column_text]<span style=\"color: #000000;\">GOOOOD<\/span><br \/>\nLa obra de Arturo \u00c1lvarez ha llegado asimismo a publicaciones y plataformas de China y Oriente Medio, como esta de Gooood, que recoge tres trabajos art\u00edsticos de Arturo \u00c1lvarez (Agora, Conversas y Encontros) y cuatro propuestas de dise\u00f1o (Ballet, Onn, Pili y Ura).\u00a0<a href=\"http:\/\/www.gooood.hk\/seven-series-of-emotional-lignt-arturo-alvarez.htm\" target=\"_blank\" rel=\"noopener\">Link<\/a>[\/vc_column_text][vc_single_image image=\u00bb27517&#8243; img_size=\u00bbfull\u00bb onclick=\u00bbcustom_link\u00bb img_link_target=\u00bb_blank\u00bb qode_css_animation=\u00bb\u00bb link=\u00bbhttp:\/\/www.gooood.hk\/seven-series-of-emotional-lignt-arturo-alvarez.htm\u00bb][vc_empty_space height=\u00bb40px\u00bb][vc_column_text]<span style=\"color: #000000;\">BLOGS DE INTERIORISMO Y ARQUITECTURA<\/span><br \/>\nLos blogs de decoraci\u00f3n y tendencia tambi\u00e9n se hicieron eco de los nuevos dise\u00f1os, como el italiano <a href=\"http:\/\/www.design-outfit.it\/milano-design-week-2017\/novita-illuminazione\/\" target=\"_blank\" rel=\"noopener\">DESIGN OUTFIT<\/a> o el franc\u00e9s <a href=\"http:\/\/www.bestarchidesign.com\/decoration\/tendances\/milan-salonedelmobile-euroluce-2017\/\" target=\"_blank\" rel=\"noopener\"><span style=\"color: #000000;\">BEST ARCHI DESIGN<\/span><\/a>.[\/vc_column_text][vc_single_image image=\u00bb27523&#8243; img_size=\u00bbfull\u00bb onclick=\u00bbcustom_link\u00bb img_link_target=\u00bb_blank\u00bb qode_css_animation=\u00bb\u00bb link=\u00bbhttp:\/\/www.design-outfit.it\/milano-design-week-2017\/novita-illuminazione\/\u00bb][vc_single_image image=\u00bb27522&#8243; img_size=\u00bbfull\u00bb onclick=\u00bbcustom_link\u00bb img_link_target=\u00bb_blank\u00bb qode_css_animation=\u00bb\u00bb link=\u00bbhttp:\/\/www.bestarchidesign.com\/decoration\/tendances\/milan-salonedelmobile-euroluce-2017\/\u00bb][\/vc_column][\/vc_row]<\/p>\n<\/section>","protected":false},"excerpt":{"rendered":"<p>[vc_row row_type=\u00bbrow\u00bb use_row_as_full_screen_section=\u00bbno\u00bb type=\u00bbfull_width\u00bb text_align=\u00bbleft\u00bb background_animation=\u00bbnone\u00bb css_animation=\u00bb\u00bb][vc_column][vc_column_text]Una edici\u00f3n m\u00e1s Arturo \u00c1lvarez present\u00f3 sus nuevas propuestas en Euroluce. En esta ocasi\u00f3n sorprendi\u00f3 y entusiasm\u00f3 a p\u00fablico y cr\u00edtica incluyendo en su espacio expositivo un nuevo concepto de iluminaci\u00f3n art\u00edstica. El stand, en el que los l\u00edmites entre arte y dise\u00f1o se dilu\u00edan, est\u00e1 teniendo una enorme repercusi\u00f3n en las redes sociales y en medios de comunicaci\u00f3n especializados de todo el mundo. Estas son algunas de las apariciones en prensa especializada:<\/p>\n","protected":false},"author":2,"featured_media":45724,"comment_status":"open","ping_status":"open","sticky":false,"template":"","format":"standard","meta":{"inline_featured_image":false,"footnotes":""},"categories":[68,13],"tags":[],"aioseo_notices":[],"_links":{"self":[{"href":"https:\/\/www.a-emotionallight.com\/es\/wp-json\/wp\/v2\/posts\/33575"}],"collection":[{"href":"https:\/\/www.a-emotionallight.com\/es\/wp-json\/wp\/v2\/posts"}],"about":[{"href":"https:\/\/www.a-emotionallight.com\/es\/wp-json\/wp\/v2\/types\/post"}],"author":[{"embeddable":true,"href":"https:\/\/www.a-emotionallight.com\/es\/wp-json\/wp\/v2\/users\/2"}],"replies":[{"embeddable":true,"href":"https:\/\/www.a-emotionallight.com\/es\/wp-json\/wp\/v2\/comments?post=33575"}],"version-history":[{"count":1,"href":"https:\/\/www.a-emotionallight.com\/es\/wp-json\/wp\/v2\/posts\/33575\/revisions"}],"predecessor-version":[{"id":33576,"href":"https:\/\/www.a-emotionallight.com\/es\/wp-json\/wp\/v2\/posts\/33575\/revisions\/33576"}],"wp:featuredmedia":[{"embeddable":true,"href":"https:\/\/www.a-emotionallight.com\/es\/wp-json\/wp\/v2\/media\/45724"}],"wp:attachment":[{"href":"https:\/\/www.a-emotionallight.com\/es\/wp-json\/wp\/v2\/media?parent=33575"}],"wp:term":[{"taxonomy":"category","embeddable":true,"href":"https:\/\/www.a-emotionallight.com\/es\/wp-json\/wp\/v2\/categories?post=33575"},{"taxonomy":"post_tag","embeddable":true,"href":"https:\/\/www.a-emotionallight.com\/es\/wp-json\/wp\/v2\/tags?post=33575"}],"curies":[{"name":"wp","href":"https:\/\/api.w.org\/{rel}","templated":true}]}}