{"id":33587,"date":"2017-04-21T10:37:02","date_gmt":"2017-04-21T10:37:02","guid":{"rendered":"https:\/\/www.a-emotionallight.com\/spanish-design-makes-history-milan-arturo-alvarez\/"},"modified":"2018-12-10T12:38:56","modified_gmt":"2018-12-10T12:38:56","slug":"spanish-design-makes-history-milan-arturo-alvarez","status":"publish","type":"post","link":"https:\/\/www.a-emotionallight.com\/es\/spanish-design-makes-history-milan-arturo-alvarez\/","title":{"rendered":"EL DISE\u00d1O ESPA\u00d1OL HACE HISTORIA EN MIL\u00c1N CON ARTURO \u00c1LVAREZ"},"content":{"rendered":"<section class=\"wpb-content-wrapper\"><p>[vc_row row_type=\u00bbrow\u00bb use_row_as_full_screen_section=\u00bbno\u00bb type=\u00bbfull_width\u00bb text_align=\u00bbleft\u00bb background_animation=\u00bbnone\u00bb css_animation=\u00bb\u00bb][vc_column][vc_column_text]Hace 23 a\u00f1os un joven creativo y curioso comenzaba sin miedo, mucho atrevimiento y una capacidad de trabajo enorme, un camino del que no ten\u00eda ni idea de a d\u00f3nde le pod\u00eda conducir. Hoy en d\u00eda <a href=\"http:\/\/arturo-alvarez.com\/art\/es\/biografia\/\">Arturo \u00c1lvarez<\/a> es un reputado dise\u00f1ador reconocido internacionalmente, avalado por importantes premios y reconocimientos, valorado como uno de los mejores dise\u00f1adores espa\u00f1oles de su \u00e9poca. Como en cualquier camino se encontr\u00f3 con dificultades y desaf\u00edos importantes. Al mismo tiempo que los iba superando con ingenio y positividad iba creciendo profesionalmente y madurando creativamente. Ya en sus inicios apuntaba a que iba camino de convertirse en una figura destacada. \u00c9l fue quien cre\u00f3, cuando empez\u00f3 a realizar sus primeras luminarias, un estilo nuevo dentro de las l\u00e1mparas tiffany que revolucion\u00f3 el mercado y que propiciar\u00eda su ascenso de manera r\u00e1pida, comenzando a labrarle un nombre dentro del mundo del dise\u00f1o. Fue el primero en utilizar un solo color y simplificar al m\u00e1ximo el dise\u00f1o conceptual de l\u00e1mparas hechas con la t\u00e9cnica tiffany. En aquellos primeros a\u00f1os un se\u00f1or mayor, que tuvo ocasi\u00f3n de ver sus primeras luminarios, vaticin\u00f3: <em>\u201cestas son las t\u00edpicas piezas que dentro de 100 a\u00f1os ser\u00e1n buscadas por coleccionistas\u201d.<\/em><\/p>\n<p><!--more-->[\/vc_column_text][vc_empty_space][vc_column_text]Desarrolla desde el principio un estilo propio y reconocible, de fuerte personalidad. Aporta una nueva visi\u00f3n de la <a href=\"https:\/\/www.a-emotionallight.com\/es\/lamparas\/ver-todas\">iluminaci\u00f3n creativa<\/a>, llegando incluso a desarrollar <a href=\"https:\/\/www.a-emotionallight.com\/es\/lamparas\/materiales\">materiales propios<\/a>, que le permitieran concebir, combinados con sus originales formas y vol\u00famenes, una iluminaci\u00f3n emocional.[\/vc_column_text][vc_empty_space][vc_single_image image=\u00bb27258&#8243; img_size=\u00bbfull\u00bb alignment=\u00bbcenter\u00bb qode_css_animation=\u00bb\u00bb][vc_empty_space][vc_column_text]Desde hace cuatro a\u00f1os Arturo \u00c1lvarez da un salto dentro de su trayectoria profesional, producto de su madurez como creador. Comienza a desarrollar <a href=\"http:\/\/arturo-alvarez.com\/art\/es\/\">piezas art\u00edsticas<\/a>, con la luz como hilo conductor, y como protagonista el ser humano y sus relaciones, con sus luces y sus sombras.[\/vc_column_text][vc_empty_space][vc_single_image image=\u00bb27280&#8243; img_size=\u00bbfull\u00bb alignment=\u00bbcenter\u00bb onclick=\u00bbcustom_link\u00bb img_link_target=\u00bb_blank\u00bb qode_css_animation=\u00bb\u00bb link=\u00bbhttp:\/\/arturo-alvarez.com\/art\/es\/obra\/conversas\/\u00bb][vc_empty_space][vc_single_image image=\u00bb27281&#8243; img_size=\u00bbfull\u00bb alignment=\u00bbcenter\u00bb onclick=\u00bbcustom_link\u00bb img_link_target=\u00bb_blank\u00bb qode_css_animation=\u00bb\u00bb link=\u00bbhttp:\/\/arturo-alvarez.com\/art\/es\/obra\/encontros\/\u00bb][vc_empty_space][vc_single_image image=\u00bb27279&#8243; img_size=\u00bbfull\u00bb alignment=\u00bbcenter\u00bb onclick=\u00bbcustom_link\u00bb img_link_target=\u00bb_blank\u00bb qode_css_animation=\u00bb\u00bb link=\u00bbhttp:\/\/arturo-alvarez.com\/art\/es\/agora\/\u00bb][vc_empty_space][vc_column_text]Con las obras: <a href=\"http:\/\/arturo-alvarez.com\/art\/es\/obra\/conversas\/\">Conversas<\/a>, <a href=\"http:\/\/arturo-alvarez.com\/art\/es\/agora\/\">Agora<\/a> y <a href=\"http:\/\/arturo-alvarez.com\/art\/es\/obra\/encontros\/\">Encontros<\/a> pretende reflexionar acerca de los temas que le preocupan y son las que acaba de presentar estos d\u00edas en Mil\u00e1n, en el <a href=\"https:\/\/www.facebook.com\/pg\/arturo.alvarez.emotional.light\/photos\/?tab=album&amp;album_id=10155017531276125\">Salone del Mobile Euroluce<\/a>.[\/vc_column_text][vc_empty_space][vc_video link=\u00bbhttps:\/\/vimeo.com\/214152653&#8243;][vc_empty_space][vc_column_text]Con ellas ha conseguido cautivar al p\u00fablico de tal manera, que han sido fotografiadas durante el evento miles de veces, comentadas en medios especializados y redes sociales, ha dejado a p\u00fablico y cr\u00edticos sorprendidos y entusiasmados. Por segunda vez en su trayectoria, vuelve a marcar un punto de inflexi\u00f3n, un antes y un despu\u00e9s en su trabajo, y dentro del mundo del dise\u00f1o. Ha unido la iluminaci\u00f3n al arte, ha abierto un espacio o corriente nueva en el que la frontera entre dise\u00f1o y arte no existe y demuestra que pueden vivir en armon\u00eda.[\/vc_column_text][vc_empty_space][vc_single_image image=\u00bb27259&#8243; img_size=\u00bbfull\u00bb alignment=\u00bbcenter\u00bb qode_css_animation=\u00bb\u00bb][vc_empty_space][vc_single_image image=\u00bb27265&#8243; img_size=\u00bbfull\u00bb alignment=\u00bbcenter\u00bb qode_css_animation=\u00bb\u00bb][\/vc_column][vc_column][\/vc_column][\/vc_row]<\/p>\n<\/section>","protected":false},"excerpt":{"rendered":"<p>[vc_row row_type=\u00bbrow\u00bb use_row_as_full_screen_section=\u00bbno\u00bb type=\u00bbfull_width\u00bb text_align=\u00bbleft\u00bb background_animation=\u00bbnone\u00bb css_animation=\u00bb\u00bb][vc_column][vc_column_text]Hace 23 a\u00f1os un joven creativo y curioso comenzaba sin miedo, mucho atrevimiento y una capacidad de trabajo enorme, un camino del que no ten\u00eda ni idea de a d\u00f3nde le pod\u00eda conducir. Hoy en d\u00eda Arturo \u00c1lvarez es un reputado dise\u00f1ador reconocido internacionalmente, avalado por importantes premios y reconocimientos, valorado como uno de los mejores dise\u00f1adores espa\u00f1oles de su \u00e9poca. Como en cualquier camino se encontr\u00f3 con dificultades y desaf\u00edos importantes. Al mismo tiempo que los iba superando con ingenio y positividad iba creciendo profesionalmente y madurando creativamente. Ya en sus inicios apuntaba&#8230;<\/p>\n","protected":false},"author":2,"featured_media":45728,"comment_status":"open","ping_status":"open","sticky":false,"template":"","format":"standard","meta":{"inline_featured_image":false,"footnotes":""},"categories":[68,13],"tags":[],"aioseo_notices":[],"_links":{"self":[{"href":"https:\/\/www.a-emotionallight.com\/es\/wp-json\/wp\/v2\/posts\/33587"}],"collection":[{"href":"https:\/\/www.a-emotionallight.com\/es\/wp-json\/wp\/v2\/posts"}],"about":[{"href":"https:\/\/www.a-emotionallight.com\/es\/wp-json\/wp\/v2\/types\/post"}],"author":[{"embeddable":true,"href":"https:\/\/www.a-emotionallight.com\/es\/wp-json\/wp\/v2\/users\/2"}],"replies":[{"embeddable":true,"href":"https:\/\/www.a-emotionallight.com\/es\/wp-json\/wp\/v2\/comments?post=33587"}],"version-history":[{"count":1,"href":"https:\/\/www.a-emotionallight.com\/es\/wp-json\/wp\/v2\/posts\/33587\/revisions"}],"predecessor-version":[{"id":33588,"href":"https:\/\/www.a-emotionallight.com\/es\/wp-json\/wp\/v2\/posts\/33587\/revisions\/33588"}],"wp:featuredmedia":[{"embeddable":true,"href":"https:\/\/www.a-emotionallight.com\/es\/wp-json\/wp\/v2\/media\/45728"}],"wp:attachment":[{"href":"https:\/\/www.a-emotionallight.com\/es\/wp-json\/wp\/v2\/media?parent=33587"}],"wp:term":[{"taxonomy":"category","embeddable":true,"href":"https:\/\/www.a-emotionallight.com\/es\/wp-json\/wp\/v2\/categories?post=33587"},{"taxonomy":"post_tag","embeddable":true,"href":"https:\/\/www.a-emotionallight.com\/es\/wp-json\/wp\/v2\/tags?post=33587"}],"curies":[{"name":"wp","href":"https:\/\/api.w.org\/{rel}","templated":true}]}}