{"id":33591,"date":"2017-03-29T10:04:08","date_gmt":"2017-03-29T10:04:08","guid":{"rendered":"https:\/\/www.a-emotionallight.com\/321-euroluce\/"},"modified":"2018-12-10T12:39:27","modified_gmt":"2018-12-10T12:39:27","slug":"321-euroluce","status":"publish","type":"post","link":"https:\/\/www.a-emotionallight.com\/es\/321-euroluce\/","title":{"rendered":"3,2,1\u2026 EUROLUCE"},"content":{"rendered":"<section class=\"wpb-content-wrapper\"><p>[vc_row row_type=\u00bbrow\u00bb use_row_as_full_screen_section=\u00bbno\u00bb type=\u00bbfull_width\u00bb text_align=\u00bbleft\u00bb background_animation=\u00bbnone\u00bb css_animation=\u00bb\u00bb][vc_column][vc_column_text]<\/p>\n<p style=\"margin: 0cm; margin-bottom: .0001pt; background: white;\">3,2,1\u2026 \u00a1la cuenta atr\u00e1s est\u00e1 a punto de terminar! La Feria Internacional de Iluminaci\u00f3n Euroluce abrir\u00e1 sus puertas el pr\u00f3ximo 4 de abril en Mil\u00e1n, y en arturo alvarez estamos ultimando todos los preparativos para presentar nuestras nuevas colecciones de 2017.<\/p>\n<p><!--more-->[\/vc_column_text][vc_empty_space][vc_column_text]<\/p>\n<p style=\"margin: 0cm; margin-bottom: .0001pt; background: white;\"><a href=\"https:\/\/www.a-emotionallight.com\/es\/lighting\/coleccion-ura\">Ura<\/a> desplegar\u00e1 su sutil encanto en compa\u00f1\u00eda, en arm\u00f3nicas composiciones de sus diferentes modelos. En nuestro taller moldeamos a mano, una a una, sus delicados dobleces. Por eso no encontrar\u00e1s dos l\u00e1mpara iguales. La naturaleza se esconde en sus po\u00e9ticas formas.<\/p>\n<p>[\/vc_column_text][vc_empty_space][vc_single_image image=\u00bb27226&#8243; img_size=\u00bbfull\u00bb alignment=\u00bbcenter\u00bb qode_css_animation=\u00bb\u00bb][vc_empty_space][vc_column_text]<a href=\"https:\/\/www.a-emotionallight.com\/es\/lighting\/coleccion-pili\">Pili<\/a> envolver\u00e1 nuestro <em>stand<\/em> de misterio. Para realizar esta colecci\u00f3n, un \u00fanico hilo de acero inoxidable pintado se entrelaza creando una irregularidad arm\u00f3nica y envolvente. Sencilla y compleja a la vez.[\/vc_column_text][vc_empty_space][vc_single_image image=\u00bb27225&#8243; img_size=\u00bbfull\u00bb alignment=\u00bbcenter\u00bb qode_css_animation=\u00bb\u00bb][vc_empty_space][vc_column_text]La fuerza del mar estar\u00e1 representada en la colecci\u00f3n <a href=\"https:\/\/www.a-emotionallight.com\/es\/lighting\/coleccion-onn\">Onn<\/a>. Inusuales formas para paredes y techos, realizadas en malla de acero inoxidable pintada.[\/vc_column_text][vc_empty_space][vc_single_image image=\u00bb27224&#8243; img_size=\u00bbfull\u00bb alignment=\u00bbcenter\u00bb qode_css_animation=\u00bb\u00bb][vc_empty_space][vc_column_text]<a href=\"https:\/\/www.a-emotionallight.com\/es\/lighting\/coleccion-ballet\">Ballet<\/a>, con su baile constante de luces y sombras, no faltar\u00e1 a la fiesta. Esta colecci\u00f3n, dise\u00f1ada por H\u00e9ctor Serrano con nuestro material <a href=\"https:\/\/www.a-emotionallight.com\/lighting\/simetech-by-arturo-alvarez\">SIMETECH\u00ae<\/a>, fue reconocida con un premio Best of Year 2016 por la revista Interior Design en la categor\u00eda de composiciones. Este a\u00f1o, la familia crece con la incorporaci\u00f3n de un modelo de aplique. Vol\u00famenes fluidos y naturales, ahora tambi\u00e9n para paredes.[\/vc_column_text][vc_empty_space][vc_single_image image=\u00bb27223&#8243; img_size=\u00bbfull\u00bb alignment=\u00bbcenter\u00bb qode_css_animation=\u00bb\u00bb][vc_empty_space][vc_column_text]Ven a conocer las novedades de nuestro cat\u00e1logo, adem\u00e1s de otras sorpresas que no te puedes perder&#8230; Objetos \u00fanicos creados <a href=\"https:\/\/www.a-emotionallight.com\/es\/hecho-a-mano\">a mano<\/a> en Espa\u00f1a. Luz que emociona para tus proyectos especiales.[\/vc_column_text][vc_empty_space][vc_column_text]<strong>Euroluce<\/strong><\/p>\n<p>4 &#8211; 9 abril<\/p>\n<p>Pabell\u00f3n 11<\/p>\n<p>Stand D27-D31<\/p>\n<p>Fiera Milano[\/vc_column_text][\/vc_column][\/vc_row]<\/p>\n<\/section>","protected":false},"excerpt":{"rendered":"<p>[vc_row row_type=\u00bbrow\u00bb use_row_as_full_screen_section=\u00bbno\u00bb type=\u00bbfull_width\u00bb text_align=\u00bbleft\u00bb background_animation=\u00bbnone\u00bb css_animation=\u00bb\u00bb][vc_column][vc_column_text] 3,2,1\u2026 \u00a1la cuenta atr\u00e1s est\u00e1 a punto de terminar! La Feria Internacional de Iluminaci\u00f3n Euroluce abrir\u00e1 sus puertas el pr\u00f3ximo 4 de abril en Mil\u00e1n, y en arturo alvarez estamos ultimando todos los preparativos para presentar nuestras nuevas colecciones de 2017.<\/p>\n","protected":false},"author":2,"featured_media":33752,"comment_status":"open","ping_status":"open","sticky":false,"template":"","format":"standard","meta":{"inline_featured_image":false,"footnotes":""},"categories":[68,13],"tags":[],"aioseo_notices":[],"_links":{"self":[{"href":"https:\/\/www.a-emotionallight.com\/es\/wp-json\/wp\/v2\/posts\/33591"}],"collection":[{"href":"https:\/\/www.a-emotionallight.com\/es\/wp-json\/wp\/v2\/posts"}],"about":[{"href":"https:\/\/www.a-emotionallight.com\/es\/wp-json\/wp\/v2\/types\/post"}],"author":[{"embeddable":true,"href":"https:\/\/www.a-emotionallight.com\/es\/wp-json\/wp\/v2\/users\/2"}],"replies":[{"embeddable":true,"href":"https:\/\/www.a-emotionallight.com\/es\/wp-json\/wp\/v2\/comments?post=33591"}],"version-history":[{"count":1,"href":"https:\/\/www.a-emotionallight.com\/es\/wp-json\/wp\/v2\/posts\/33591\/revisions"}],"predecessor-version":[{"id":33592,"href":"https:\/\/www.a-emotionallight.com\/es\/wp-json\/wp\/v2\/posts\/33591\/revisions\/33592"}],"wp:featuredmedia":[{"embeddable":true,"href":"https:\/\/www.a-emotionallight.com\/es\/wp-json\/wp\/v2\/media\/33752"}],"wp:attachment":[{"href":"https:\/\/www.a-emotionallight.com\/es\/wp-json\/wp\/v2\/media?parent=33591"}],"wp:term":[{"taxonomy":"category","embeddable":true,"href":"https:\/\/www.a-emotionallight.com\/es\/wp-json\/wp\/v2\/categories?post=33591"},{"taxonomy":"post_tag","embeddable":true,"href":"https:\/\/www.a-emotionallight.com\/es\/wp-json\/wp\/v2\/tags?post=33591"}],"curies":[{"name":"wp","href":"https:\/\/api.w.org\/{rel}","templated":true}]}}