{"id":36922,"date":"2019-03-24T09:07:39","date_gmt":"2019-03-24T09:07:39","guid":{"rendered":"https:\/\/www.a-emotionallight.com\/our-emotional-light-at-euroluce-2019\/"},"modified":"2019-04-09T09:13:10","modified_gmt":"2019-04-09T09:13:10","slug":"nuestra-luz-emocional-en-euroluce-2019","status":"publish","type":"post","link":"https:\/\/www.a-emotionallight.com\/es\/nuestra-luz-emocional-en-euroluce-2019\/","title":{"rendered":"NUESTRA LUZ EMOCIONAL\u00a0EN EUROLUCE 2019"},"content":{"rendered":"<section class=\"wpb-content-wrapper\"><p>[vc_row row_type=\u00bbrow\u00bb use_row_as_full_screen_section=\u00bbno\u00bb type=\u00bbfull_width\u00bb text_align=\u00bbleft\u00bb background_animation=\u00bbnone\u00bb css_animation=\u00bb\u00bb][vc_column][vc_column_text]<\/p>\n<p class=\"p1\"><span class=\"s1\">Un a\u00f1o m\u00e1s, estaremos en Euroluce 2019 presentando nuestras novedades m\u00e1s frescas. Este a\u00f1o, la importante Feria Internacional de Iluminaci\u00f3n, tendr\u00e1 lugar en Mil\u00e1n del 9 al 14 de abril. En el marco del Salone del Mobile, la ciudad italiana acoger\u00e1 propuestas de dise\u00f1o e iluminaci\u00f3n de grandes marcas.<\/span><\/p>\n<p class=\"p1\"><!--more--><\/p>\n<p>[\/vc_column_text][vc_empty_space][vc_single_image image=\u00bb36908&#8243; img_size=\u00bbfull\u00bb qode_css_animation=\u00bb\u00bb][vc_empty_space][vc_column_text]<\/p>\n<p class=\"p1\"><span class=\"s1\">En arturo alvarez estamos ultimando los preparativos para presentar nuestras novedades de iluminaci\u00f3n y arte.<\/span><\/p>\n<p>[\/vc_column_text][vc_empty_space][vc_column_text]<\/p>\n<p class=\"p1\"><span class=\"s1\">Tras dos a\u00f1os de investigaci\u00f3n, dise\u00f1o y desarrollo, presentaremos en esta edici\u00f3n nuevas colecciones de iluminaci\u00f3n y nuevas series en el trabajo art\u00edstico de Arturo \u00c1lvarez. Estamos ultimando los preparativos para que nuestra luz emocional llegue a Mil\u00e1n y sorprenderte.<\/span><\/p>\n<p>[\/vc_column_text][vc_empty_space][vc_column_text]<\/p>\n<p class=\"p1\"><span class=\"s1\">Este a\u00f1o estaremos en <strong>Pabell\u00f3n 11, stand B21-C20<\/strong>. Ven y vis\u00edtanos, te estaremos esperando.<\/span><\/p>\n<p>[\/vc_column_text][vc_empty_space][vc_column_text]<\/p>\n<p class=\"p1\"><span class=\"s1\">\u00a1Nos vemos en Mil\u00e1n!<\/span><\/p>\n<p>[\/vc_column_text][\/vc_column][\/vc_row]<\/p>\n<\/section>","protected":false},"excerpt":{"rendered":"<p>[vc_row row_type=\u00bbrow\u00bb use_row_as_full_screen_section=\u00bbno\u00bb type=\u00bbfull_width\u00bb text_align=\u00bbleft\u00bb background_animation=\u00bbnone\u00bb css_animation=\u00bb\u00bb][vc_column][vc_column_text] Un a\u00f1o m\u00e1s, estaremos en Euroluce 2019 presentando nuestras novedades m\u00e1s frescas. Este a\u00f1o, la importante Feria Internacional de Iluminaci\u00f3n, tendr\u00e1 lugar en Mil\u00e1n del 9 al 14 de abril. En el marco del Salone del Mobile, la ciudad italiana acoger\u00e1 propuestas de dise\u00f1o e iluminaci\u00f3n de grandes marcas.<\/p>\n","protected":false},"author":1,"featured_media":0,"comment_status":"open","ping_status":"open","sticky":false,"template":"","format":"standard","meta":{"inline_featured_image":false,"footnotes":""},"categories":[68],"tags":[],"aioseo_notices":[],"_links":{"self":[{"href":"https:\/\/www.a-emotionallight.com\/es\/wp-json\/wp\/v2\/posts\/36922"}],"collection":[{"href":"https:\/\/www.a-emotionallight.com\/es\/wp-json\/wp\/v2\/posts"}],"about":[{"href":"https:\/\/www.a-emotionallight.com\/es\/wp-json\/wp\/v2\/types\/post"}],"author":[{"embeddable":true,"href":"https:\/\/www.a-emotionallight.com\/es\/wp-json\/wp\/v2\/users\/1"}],"replies":[{"embeddable":true,"href":"https:\/\/www.a-emotionallight.com\/es\/wp-json\/wp\/v2\/comments?post=36922"}],"version-history":[{"count":2,"href":"https:\/\/www.a-emotionallight.com\/es\/wp-json\/wp\/v2\/posts\/36922\/revisions"}],"predecessor-version":[{"id":36924,"href":"https:\/\/www.a-emotionallight.com\/es\/wp-json\/wp\/v2\/posts\/36922\/revisions\/36924"}],"wp:attachment":[{"href":"https:\/\/www.a-emotionallight.com\/es\/wp-json\/wp\/v2\/media?parent=36922"}],"wp:term":[{"taxonomy":"category","embeddable":true,"href":"https:\/\/www.a-emotionallight.com\/es\/wp-json\/wp\/v2\/categories?post=36922"},{"taxonomy":"post_tag","embeddable":true,"href":"https:\/\/www.a-emotionallight.com\/es\/wp-json\/wp\/v2\/tags?post=36922"}],"curies":[{"name":"wp","href":"https:\/\/api.w.org\/{rel}","templated":true}]}}