{"id":37869,"date":"2019-07-24T14:11:44","date_gmt":"2019-07-24T14:11:44","guid":{"rendered":"https:\/\/www.a-emotionallight.com\/?p=37869"},"modified":"2021-07-07T07:50:20","modified_gmt":"2021-07-07T07:50:20","slug":"sumamos-una-nueva-visita-a-nuestras-instalaciones","status":"publish","type":"post","link":"https:\/\/www.a-emotionallight.com\/es\/sumamos-una-nueva-visita-a-nuestras-instalaciones\/","title":{"rendered":"SUMAMOS UNA NUEVA VISITA A NUESTRAS INSTALACIONES"},"content":{"rendered":"<section class=\"wpb-content-wrapper\"><p>[vc_row row_type=\u00bbrow\u00bb use_row_as_full_screen_section=\u00bbno\u00bb type=\u00bbfull_width\u00bb text_align=\u00bbleft\u00bb background_animation=\u00bbnone\u00bb css_animation=\u00bb\u00bb][vc_column][vc_column_text]<\/p>\n<p class=\"p1\"><span class=\"s1\">Nuestras instalaciones volvieron a ser el punto de encuentro para una nueva emotional light experience, en esta ocasi\u00f3n, acompa\u00f1ados de importantes interioristas gallegos. El pasado 11 de julio un numeroso grupo de profesionales del dise\u00f1o de interiores visitaban nuestras instalaciones de Milladoiro y Vedra.<\/span><\/p>\n<p class=\"p1\"><!--more--><\/p>\n<p>[\/vc_column_text][vc_empty_space height=\u00bb20px\u00bb][vc_video link=\u00bbhttps:\/\/youtu.be\/I80eNUdwAMU\u00bb align=\u00bbcenter\u00bb][vc_empty_space height=\u00bb20px\u00bb][vc_column_text]<\/p>\n<p class=\"p1\"><span class=\"s1\">En esta ocasi\u00f3n, la jornada empezaba en el estudio de dise\u00f1o guiados por Arturo \u00c1lvarez donde habl\u00f3 sobre toda la transformaci\u00f3n que hab\u00eda sufrido este espacio desde los inicios de la empresa. Un recorrido por el espacio a trav\u00e9s de sus obras, terminaba guiando a los interioristas hasta un espacio donde se les mostr\u00f3, en exclusiva, una instalaci\u00f3n especial realizada con el nuevo modelo de luminaria Aimei. <\/span><\/p>\n<p>[\/vc_column_text][vc_empty_space height=\u00bb20px\u00bb][vc_column_text]<\/p>\n<p class=\"p1\"><span class=\"s1\">Una vez terminado el recorrido por el antiguo espacio de trabajo, los visitantes acudieron a Milladoiro a visitar el actual centro de trabajo y elaboraci\u00f3n de l\u00e1mparas. En estas instalaciones, los anfitriones (el director general de la compa\u00f1\u00eda y el jefe de ventas) mostraron una composici\u00f3n realizada con una de las nuevas l\u00e1mparas presentadas recientemente en la Milan Design Week: Mytilus.<\/span><\/p>\n<p>[\/vc_column_text][vc_empty_space height=\u00bb20px\u00bb][vc_column_text]<\/p>\n<p class=\"p1\"><span class=\"s1\">Otra vez m\u00e1s, el recorrido terminaba con una sesi\u00f3n de networking donde nuestros procesos, soluciones t\u00e9cnicas y posibilidades de customizaci\u00f3n fueron los temas de conversaci\u00f3n entre los reputados interioristas que nos visitaban.<\/span><\/p>\n<p>[\/vc_column_text][vc_empty_space height=\u00bb20px\u00bb][\/vc_column][\/vc_row][vc_row row_type=\u00bbrow\u00bb use_row_as_full_screen_section=\u00bbno\u00bb type=\u00bbfull_width\u00bb text_align=\u00bbleft\u00bb background_animation=\u00bbnone\u00bb css_animation=\u00bb\u00bb][vc_column][\/vc_column][\/vc_row]<\/p>\n<\/section>","protected":false},"excerpt":{"rendered":"<p>[vc_row row_type=\u00bbrow\u00bb use_row_as_full_screen_section=\u00bbno\u00bb type=\u00bbfull_width\u00bb text_align=\u00bbleft\u00bb background_animation=\u00bbnone\u00bb css_animation=\u00bb\u00bb][vc_column][vc_column_text] Nuestras instalaciones volvieron a ser el punto de encuentro para una nueva emotional light experience, en esta ocasi\u00f3n, acompa\u00f1ados de importantes interioristas gallegos. El pasado 11 de julio un numeroso grupo de profesionales del dise\u00f1o de interiores visitaban nuestras instalaciones de Milladoiro y Vedra.<\/p>\n","protected":false},"author":2,"featured_media":45718,"comment_status":"open","ping_status":"open","sticky":false,"template":"","format":"standard","meta":{"inline_featured_image":false,"footnotes":""},"categories":[13],"tags":[],"aioseo_notices":[],"_links":{"self":[{"href":"https:\/\/www.a-emotionallight.com\/es\/wp-json\/wp\/v2\/posts\/37869"}],"collection":[{"href":"https:\/\/www.a-emotionallight.com\/es\/wp-json\/wp\/v2\/posts"}],"about":[{"href":"https:\/\/www.a-emotionallight.com\/es\/wp-json\/wp\/v2\/types\/post"}],"author":[{"embeddable":true,"href":"https:\/\/www.a-emotionallight.com\/es\/wp-json\/wp\/v2\/users\/2"}],"replies":[{"embeddable":true,"href":"https:\/\/www.a-emotionallight.com\/es\/wp-json\/wp\/v2\/comments?post=37869"}],"version-history":[{"count":4,"href":"https:\/\/www.a-emotionallight.com\/es\/wp-json\/wp\/v2\/posts\/37869\/revisions"}],"predecessor-version":[{"id":37873,"href":"https:\/\/www.a-emotionallight.com\/es\/wp-json\/wp\/v2\/posts\/37869\/revisions\/37873"}],"wp:featuredmedia":[{"embeddable":true,"href":"https:\/\/www.a-emotionallight.com\/es\/wp-json\/wp\/v2\/media\/45718"}],"wp:attachment":[{"href":"https:\/\/www.a-emotionallight.com\/es\/wp-json\/wp\/v2\/media?parent=37869"}],"wp:term":[{"taxonomy":"category","embeddable":true,"href":"https:\/\/www.a-emotionallight.com\/es\/wp-json\/wp\/v2\/categories?post=37869"},{"taxonomy":"post_tag","embeddable":true,"href":"https:\/\/www.a-emotionallight.com\/es\/wp-json\/wp\/v2\/tags?post=37869"}],"curies":[{"name":"wp","href":"https:\/\/api.w.org\/{rel}","templated":true}]}}