{"id":38440,"date":"2019-11-25T09:11:03","date_gmt":"2019-11-25T09:11:03","guid":{"rendered":"https:\/\/www.a-emotionallight.com\/?p=38440"},"modified":"2019-11-25T09:13:45","modified_gmt":"2019-11-25T09:13:45","slug":"premio-arturo-alvarez-para-jovenes-talentos","status":"publish","type":"post","link":"https:\/\/www.a-emotionallight.com\/es\/premio-arturo-alvarez-para-jovenes-talentos\/","title":{"rendered":"NUEVA EDICI\u00d3N DEL PREMIO ARTURO ALVAREZ PARA J\u00d3VENES TALENTOS"},"content":{"rendered":"<section class=\"wpb-content-wrapper\"><p>[vc_row row_type=\u00bbrow\u00bb use_row_as_full_screen_section=\u00bbno\u00bb type=\u00bbfull_width\u00bb text_align=\u00bbleft\u00bb background_animation=\u00bbnone\u00bb css_animation=\u00bb\u00bb][vc_column][vc_column_text]<\/p>\n<p class=\"p1\"><span class=\"s1\">Una nueva edici\u00f3n del premio Arturo \u00c1lvarez j\u00f3venes talentos ya est\u00e1 en marcha. Desde el d\u00eda 21 de noviembre de 2019 hasta el pr\u00f3ximo 30 de abril de 2020 estar\u00e1 abierto el plazo para inscribirse y enviar las propuestas.<\/span><\/p>\n<p class=\"p1\"><!--more--><\/p>\n<p>[\/vc_column_text][vc_empty_space height=\u00bb20px\u00bb][vc_video link=\u00bbhttps:\/\/youtu.be\/kZURy4t6hPw\u00bb align=\u00bbcenter\u00bb][vc_empty_space height=\u00bb20px\u00bb][vc_column_text]<\/p>\n<p class=\"p1\"><span class=\"s1\">Un a\u00f1o m\u00e1s arturo alvarez apuesta por los nuevos talentos y lanza una nueva oportunidad para las que las promesas del dise\u00f1o puedan desarrollar sus ideas en el mundo profesional. <\/span><\/p>\n<p>[\/vc_column_text][vc_empty_space height=\u00bb20px\u00bb][vc_column_text]<\/p>\n<p class=\"p1\"><span class=\"s1\">Despu\u00e9s de una larga trayectoria de m\u00e1s de 25 a\u00f1os buscamos reiterar y materializar nuestro compromiso con las nuevas generaciones ofreciendo esta oportunidad. Todos los detalles de esta convocatoria puedes <a href=\"https:\/\/www.dropbox.com\/s\/anh4rp31uv4z270\/arturoalvarezpremio2019_es.pdf?dl=1\">consultarlos en las bases<\/a>.<\/span><\/p>\n<p>[\/vc_column_text][vc_empty_space height=\u00bb20px\u00bb][vc_column_text]<a href=\"https:\/\/www.a-emotionallight.com\/es\/?page_id=38343\">Incr\u00edbete aqu\u00ed<\/a>[\/vc_column_text][vc_empty_space height=\u00bb20px\u00bb][\/vc_column][\/vc_row]<\/p>\n<\/section>","protected":false},"excerpt":{"rendered":"<p>[vc_row row_type=\u00bbrow\u00bb use_row_as_full_screen_section=\u00bbno\u00bb type=\u00bbfull_width\u00bb text_align=\u00bbleft\u00bb background_animation=\u00bbnone\u00bb css_animation=\u00bb\u00bb][vc_column][vc_column_text] Una nueva edici\u00f3n del premio Arturo \u00c1lvarez j\u00f3venes talentos ya est\u00e1 en marcha. Desde el d\u00eda 21 de noviembre de 2019 hasta el pr\u00f3ximo 30 de abril de 2020 estar\u00e1 abierto el plazo para inscribirse y enviar las propuestas.<\/p>\n","protected":false},"author":2,"featured_media":38297,"comment_status":"open","ping_status":"open","sticky":false,"template":"","format":"standard","meta":{"inline_featured_image":false,"footnotes":""},"categories":[13],"tags":[],"aioseo_notices":[],"_links":{"self":[{"href":"https:\/\/www.a-emotionallight.com\/es\/wp-json\/wp\/v2\/posts\/38440"}],"collection":[{"href":"https:\/\/www.a-emotionallight.com\/es\/wp-json\/wp\/v2\/posts"}],"about":[{"href":"https:\/\/www.a-emotionallight.com\/es\/wp-json\/wp\/v2\/types\/post"}],"author":[{"embeddable":true,"href":"https:\/\/www.a-emotionallight.com\/es\/wp-json\/wp\/v2\/users\/2"}],"replies":[{"embeddable":true,"href":"https:\/\/www.a-emotionallight.com\/es\/wp-json\/wp\/v2\/comments?post=38440"}],"version-history":[{"count":3,"href":"https:\/\/www.a-emotionallight.com\/es\/wp-json\/wp\/v2\/posts\/38440\/revisions"}],"predecessor-version":[{"id":38445,"href":"https:\/\/www.a-emotionallight.com\/es\/wp-json\/wp\/v2\/posts\/38440\/revisions\/38445"}],"wp:featuredmedia":[{"embeddable":true,"href":"https:\/\/www.a-emotionallight.com\/es\/wp-json\/wp\/v2\/media\/38297"}],"wp:attachment":[{"href":"https:\/\/www.a-emotionallight.com\/es\/wp-json\/wp\/v2\/media?parent=38440"}],"wp:term":[{"taxonomy":"category","embeddable":true,"href":"https:\/\/www.a-emotionallight.com\/es\/wp-json\/wp\/v2\/categories?post=38440"},{"taxonomy":"post_tag","embeddable":true,"href":"https:\/\/www.a-emotionallight.com\/es\/wp-json\/wp\/v2\/tags?post=38440"}],"curies":[{"name":"wp","href":"https:\/\/api.w.org\/{rel}","templated":true}]}}