{"id":40296,"date":"2020-09-24T07:28:18","date_gmt":"2020-09-24T07:28:18","guid":{"rendered":"https:\/\/www.a-emotionallight.com\/?p=40296"},"modified":"2021-06-09T10:43:32","modified_gmt":"2021-06-09T10:43:32","slug":"tempo-vivace-en-28-posti-milan","status":"publish","type":"post","link":"https:\/\/www.a-emotionallight.com\/es\/tempo-vivace-en-28-posti-milan\/","title":{"rendered":"Tempo Vivace en 28 posti, Mil\u00e1n"},"content":{"rendered":"<section class=\"wpb-content-wrapper\"><p>[vc_row row_type=\u00bbrow\u00bb use_row_as_full_screen_section=\u00bbno\u00bb type=\u00bbfull_width\u00bb text_align=\u00bbleft\u00bb background_animation=\u00bbnone\u00bb css_animation=\u00bb\u00bb][vc_column][vc_column_text]<\/p>\n<p class=\"p1\"><span style=\"font-family: arial, helvetica neue, helvetica, sans-serif;\">La reconocida arquitecta y dise\u00f1adora Cristina Celestino firma este proyecto con un aspecto minimalista y acogedor.\u00a0<\/span><\/p>\n<p class=\"p1\"><!--more--><\/p>\n<p>[\/vc_column_text][vc_empty_space height=\u00bb20px\u00bb][vc_single_image image=\u00bb40300&#8243; img_size=\u00bbfull\u00bb alignment=\u00bbcenter\u00bb qode_css_animation=\u00bb\u00bb][vc_empty_space height=\u00bb20px\u00bb][vc_column_text]<\/p>\n<p class=\"p1\"><span style=\"font-family: arial, helvetica neue, helvetica, sans-serif;\">Partiendo de los conceptos de materialidad, textura y color, el redise\u00f1o juega con la autenticidad y el confort, creando as\u00ed un paralelo entre el dise\u00f1o del restaurante y la cocina del chef Marco Ambrosino.\u00a0<\/span><\/p>\n<p>[\/vc_column_text][vc_empty_space height=\u00bb20px\u00bb][vc_column_text]<span style=\"font-family: arial, helvetica neue, helvetica, sans-serif;\">Materiales simples pero usados \u200b\u200bde una manera refinada e inesperada se combinan en un espacio armonioso donde se integra la l\u00e1mpara Tempo Vivace.<\/span>[\/vc_column_text][vc_empty_space height=\u00bb20px\u00bb][\/vc_column][\/vc_row]<\/p>\n<\/section>","protected":false},"excerpt":{"rendered":"<p>[vc_row row_type=\u00bbrow\u00bb use_row_as_full_screen_section=\u00bbno\u00bb type=\u00bbfull_width\u00bb text_align=\u00bbleft\u00bb background_animation=\u00bbnone\u00bb css_animation=\u00bb\u00bb][vc_column][vc_column_text] La reconocida arquitecta y dise\u00f1adora Cristina Celestino firma este proyecto con un aspecto minimalista y acogedor.\u00a0<\/p>\n","protected":false},"author":2,"featured_media":40300,"comment_status":"open","ping_status":"open","sticky":false,"template":"","format":"standard","meta":{"inline_featured_image":false,"footnotes":""},"categories":[13],"tags":[],"aioseo_notices":[],"_links":{"self":[{"href":"https:\/\/www.a-emotionallight.com\/es\/wp-json\/wp\/v2\/posts\/40296"}],"collection":[{"href":"https:\/\/www.a-emotionallight.com\/es\/wp-json\/wp\/v2\/posts"}],"about":[{"href":"https:\/\/www.a-emotionallight.com\/es\/wp-json\/wp\/v2\/types\/post"}],"author":[{"embeddable":true,"href":"https:\/\/www.a-emotionallight.com\/es\/wp-json\/wp\/v2\/users\/2"}],"replies":[{"embeddable":true,"href":"https:\/\/www.a-emotionallight.com\/es\/wp-json\/wp\/v2\/comments?post=40296"}],"version-history":[{"count":6,"href":"https:\/\/www.a-emotionallight.com\/es\/wp-json\/wp\/v2\/posts\/40296\/revisions"}],"predecessor-version":[{"id":44726,"href":"https:\/\/www.a-emotionallight.com\/es\/wp-json\/wp\/v2\/posts\/40296\/revisions\/44726"}],"wp:featuredmedia":[{"embeddable":true,"href":"https:\/\/www.a-emotionallight.com\/es\/wp-json\/wp\/v2\/media\/40300"}],"wp:attachment":[{"href":"https:\/\/www.a-emotionallight.com\/es\/wp-json\/wp\/v2\/media?parent=40296"}],"wp:term":[{"taxonomy":"category","embeddable":true,"href":"https:\/\/www.a-emotionallight.com\/es\/wp-json\/wp\/v2\/categories?post=40296"},{"taxonomy":"post_tag","embeddable":true,"href":"https:\/\/www.a-emotionallight.com\/es\/wp-json\/wp\/v2\/tags?post=40296"}],"curies":[{"name":"wp","href":"https:\/\/api.w.org\/{rel}","templated":true}]}}