{"id":40442,"date":"2020-10-19T06:39:04","date_gmt":"2020-10-19T06:39:04","guid":{"rendered":"https:\/\/www.a-emotionallight.com\/?p=40442"},"modified":"2021-12-21T12:08:19","modified_gmt":"2021-12-21T12:08:19","slug":"customizamos-la-luz-a-medida-de-tu-proyecto","status":"publish","type":"post","link":"https:\/\/www.a-emotionallight.com\/es\/customizamos-la-luz-a-medida-de-tu-proyecto\/","title":{"rendered":"Customizamos la luz a medida de tu proyecto"},"content":{"rendered":"<section class=\"wpb-content-wrapper\"><p>[vc_row row_type=\u00bbrow\u00bb use_row_as_full_screen_section=\u00bbno\u00bb type=\u00bbfull_width\u00bb text_align=\u00bbleft\u00bb background_animation=\u00bbnone\u00bb css_animation=\u00bb\u00bb][vc_column][vc_column_text]<\/p>\n<p class=\"p1\"><span style=\"font-family: arial, helvetica neue, helvetica, sans-serif;\">Cada proyecto es un universo y por eso tenemos un departamento espec\u00edfico centrado en dar soluci\u00f3n a todas tus peticiones.\u00a0<\/span><\/p>\n<p class=\"p1\"><!--more--><\/p>\n<p>[\/vc_column_text][vc_empty_space height=\u00bb20px\u00bb][vc_single_image image=\u00bb48217&#8243; img_size=\u00bbfull\u00bb alignment=\u00bbcenter\u00bb qode_css_animation=\u00bb\u00bb][vc_empty_space height=\u00bb20px\u00bb][vc_column_text]<\/p>\n<p class=\"p1\"><span style=\"font-family: arial, helvetica neue, helvetica, sans-serif;\">El servicio de customizaci\u00f3n permite que podamos trabajar mano a mano contigo y adaptar los colores, tama\u00f1os, fuentes de luz y sistemas de anclaje de nuestras l\u00e1mparas. As\u00ed, tenemos la oportunidad de formar parte de tu espacio y llevar emociones a cualquier sitio.<\/span><\/p>\n<p>[\/vc_column_text][vc_empty_space height=\u00bb20px\u00bb][vc_column_text]Te invitamos a navegar por\u00a0<a href=\"http:\/\/www.a-emotionallight.com\/\" target=\"_blank\" rel=\"noopener\">nuestra web<\/a>\u00a0y\u00a0<a href=\"https:\/\/www.a-emotionallight.com\/es\/portfolio_page\/virginia-grande-colgante\/\" target=\"_blank\" rel=\"noopener\">descargar los archivos 2D-3D y Revit<\/a>\u00a0para que puedas trabajar c\u00f3modamente y ver c\u00f3mo nuestra luz encaja en tu espacio. Si tienes cualquier duda o petici\u00f3n, puedes escribirnos a\u00a0<a href=\"mailto:info@a-emotionallight.com?subject=Custom%20light\" target=\"_blank\" rel=\"noopener\">info@a-emotionallight.com<\/a>.[\/vc_column_text][vc_empty_space height=\u00bb20px\u00bb][\/vc_column][\/vc_row]<\/p>\n<\/section>","protected":false},"excerpt":{"rendered":"<p>[vc_row row_type=\u00bbrow\u00bb use_row_as_full_screen_section=\u00bbno\u00bb type=\u00bbfull_width\u00bb text_align=\u00bbleft\u00bb background_animation=\u00bbnone\u00bb css_animation=\u00bb\u00bb][vc_column][vc_column_text] Cada proyecto es un universo y por eso tenemos un departamento espec\u00edfico centrado en dar soluci\u00f3n a todas tus peticiones.\u00a0<\/p>\n","protected":false},"author":2,"featured_media":43474,"comment_status":"open","ping_status":"open","sticky":false,"template":"","format":"standard","meta":{"inline_featured_image":false,"footnotes":""},"categories":[13],"tags":[],"aioseo_notices":[],"_links":{"self":[{"href":"https:\/\/www.a-emotionallight.com\/es\/wp-json\/wp\/v2\/posts\/40442"}],"collection":[{"href":"https:\/\/www.a-emotionallight.com\/es\/wp-json\/wp\/v2\/posts"}],"about":[{"href":"https:\/\/www.a-emotionallight.com\/es\/wp-json\/wp\/v2\/types\/post"}],"author":[{"embeddable":true,"href":"https:\/\/www.a-emotionallight.com\/es\/wp-json\/wp\/v2\/users\/2"}],"replies":[{"embeddable":true,"href":"https:\/\/www.a-emotionallight.com\/es\/wp-json\/wp\/v2\/comments?post=40442"}],"version-history":[{"count":6,"href":"https:\/\/www.a-emotionallight.com\/es\/wp-json\/wp\/v2\/posts\/40442\/revisions"}],"predecessor-version":[{"id":48219,"href":"https:\/\/www.a-emotionallight.com\/es\/wp-json\/wp\/v2\/posts\/40442\/revisions\/48219"}],"wp:featuredmedia":[{"embeddable":true,"href":"https:\/\/www.a-emotionallight.com\/es\/wp-json\/wp\/v2\/media\/43474"}],"wp:attachment":[{"href":"https:\/\/www.a-emotionallight.com\/es\/wp-json\/wp\/v2\/media?parent=40442"}],"wp:term":[{"taxonomy":"category","embeddable":true,"href":"https:\/\/www.a-emotionallight.com\/es\/wp-json\/wp\/v2\/categories?post=40442"},{"taxonomy":"post_tag","embeddable":true,"href":"https:\/\/www.a-emotionallight.com\/es\/wp-json\/wp\/v2\/tags?post=40442"}],"curies":[{"name":"wp","href":"https:\/\/api.w.org\/{rel}","templated":true}]}}