{"id":52059,"date":"2023-10-11T16:23:43","date_gmt":"2023-10-11T16:23:43","guid":{"rendered":"https:\/\/www.a-emotionallight.com\/?p=52059"},"modified":"2023-10-19T17:46:28","modified_gmt":"2023-10-19T17:46:28","slug":"la-xiii-semana-internacional-contract-galicia-nos-visita-un-ano-mas","status":"publish","type":"post","link":"https:\/\/www.a-emotionallight.com\/es\/la-xiii-semana-internacional-contract-galicia-nos-visita-un-ano-mas\/","title":{"rendered":"La XIII Semana Internacional CONTRACT GALICIA nos visita un a\u00f1o m\u00e1s."},"content":{"rendered":"<section class=\"wpb-content-wrapper\"><p>[vc_row row_type=\u00bbrow\u00bb use_row_as_full_screen_section=\u00bbno\u00bb type=\u00bbfull_width\u00bb text_align=\u00bbleft\u00bb background_animation=\u00bbnone\u00bb css_animation=\u00bb\u00bb][vc_column][vc_column_text]<\/p>\n<p class=\"p1\"><span style=\"font-weight: 400;\">Los pasados 4 y 5 de octubre se celebraba la <\/span><a href=\"https:\/\/www.igape.gal\/es\/noticias\/item\/229-xiii-semana-internacional-contract-galicia-4-y-5-de-octubre\"><span style=\"font-weight: 400;\"><strong>XIII Semana Internacional CONTRACT GALICIA<\/strong><\/span><\/a><span style=\"font-weight: 400;\">, una iniciativa llevada a cabo por el <a href=\"https:\/\/www.igape.gal\/es\/\">Igape<\/a> y encabezada por David C\u00e1mara, director de UNEX.<\/span><\/p>\n<p><!--more-->[\/vc_column_text][vc_empty_space height=\u00bb10px\u00bb][vc_column_text]<span style=\"font-weight: 400;\">Esta oportunidad que se celebra cada a\u00f1o, re\u00fane prescriptores internacionales y empresas de renombre para descubrir las \u00faltimas tendencias y oportunidades de negocio en el \u00e1mbito global.<\/span>[\/vc_column_text][vc_empty_space height=\u00bb10px\u00bb][vc_column_text]<span style=\"font-weight: 400;\">Durante unas jornadas celebradas, en esta ocasi\u00f3n, en Santa Cruz de Oleiros, los participantes acuden a diferentes conferencias sobre novedades y tendencias en el sector contract y, como broche de oro, se realizan visitas por algunas empresas gallegas.<\/span>[\/vc_column_text][vc_empty_space height=\u00bb10px\u00bb][vc_video link=\u00bbhttps:\/\/youtu.be\/L5cqFi-3ky0&#8243;][vc_empty_space height=\u00bb10px\u00bb][vc_column_text]<span style=\"font-weight: 400;\">Un a\u00f1o m\u00e1s hemos podido albergar a los participantes y mostrarles, de primera mano, algunos de nuestros procesos manuales, nuevos dise\u00f1os y proyectos recientes. Arquitectos, interioristas, dise\u00f1adores de iluminaci\u00f3n y dem\u00e1s profesionales del sector contract compartieron con nuestro equipo una jornada de la cual os dejamos un peque\u00f1o resumen en video.<\/span>[\/vc_column_text][vc_empty_space height=\u00bb10px\u00bb][vc_column_text]<span style=\"font-weight: 400;\">Una vez m\u00e1s, queremos agradecer al Igape y a David C\u00e1mara por contar con nosotros para esta iniciativa y tambi\u00e9n, dar las gracias a todos los asistentes por su visita.<\/span>[\/vc_column_text][vc_empty_space height=\u00bb10px\u00bb][\/vc_column][\/vc_row][vc_row row_type=\u00bbrow\u00bb use_row_as_full_screen_section=\u00bbno\u00bb type=\u00bbfull_width\u00bb text_align=\u00bbleft\u00bb background_animation=\u00bbnone\u00bb css_animation=\u00bb\u00bb][vc_column][\/vc_column][\/vc_row]<\/p>\n<\/section>","protected":false},"excerpt":{"rendered":"<p>[vc_row row_type=\u00bbrow\u00bb use_row_as_full_screen_section=\u00bbno\u00bb type=\u00bbfull_width\u00bb text_align=\u00bbleft\u00bb background_animation=\u00bbnone\u00bb css_animation=\u00bb\u00bb][vc_column][vc_column_text] Los pasados 4 y 5 de octubre se celebraba la XIII Semana Internacional CONTRACT GALICIA, una iniciativa llevada a cabo por el Igape y encabezada por David C\u00e1mara, director de UNEX.<\/p>\n","protected":false},"author":2,"featured_media":52074,"comment_status":"open","ping_status":"open","sticky":false,"template":"","format":"standard","meta":{"inline_featured_image":false,"footnotes":""},"categories":[68,13],"tags":[],"aioseo_notices":[],"_links":{"self":[{"href":"https:\/\/www.a-emotionallight.com\/es\/wp-json\/wp\/v2\/posts\/52059"}],"collection":[{"href":"https:\/\/www.a-emotionallight.com\/es\/wp-json\/wp\/v2\/posts"}],"about":[{"href":"https:\/\/www.a-emotionallight.com\/es\/wp-json\/wp\/v2\/types\/post"}],"author":[{"embeddable":true,"href":"https:\/\/www.a-emotionallight.com\/es\/wp-json\/wp\/v2\/users\/2"}],"replies":[{"embeddable":true,"href":"https:\/\/www.a-emotionallight.com\/es\/wp-json\/wp\/v2\/comments?post=52059"}],"version-history":[{"count":5,"href":"https:\/\/www.a-emotionallight.com\/es\/wp-json\/wp\/v2\/posts\/52059\/revisions"}],"predecessor-version":[{"id":52076,"href":"https:\/\/www.a-emotionallight.com\/es\/wp-json\/wp\/v2\/posts\/52059\/revisions\/52076"}],"wp:featuredmedia":[{"embeddable":true,"href":"https:\/\/www.a-emotionallight.com\/es\/wp-json\/wp\/v2\/media\/52074"}],"wp:attachment":[{"href":"https:\/\/www.a-emotionallight.com\/es\/wp-json\/wp\/v2\/media?parent=52059"}],"wp:term":[{"taxonomy":"category","embeddable":true,"href":"https:\/\/www.a-emotionallight.com\/es\/wp-json\/wp\/v2\/categories?post=52059"},{"taxonomy":"post_tag","embeddable":true,"href":"https:\/\/www.a-emotionallight.com\/es\/wp-json\/wp\/v2\/tags?post=52059"}],"curies":[{"name":"wp","href":"https:\/\/api.w.org\/{rel}","templated":true}]}}