{"id":53083,"date":"2024-01-01T11:30:42","date_gmt":"2024-01-01T11:30:42","guid":{"rendered":"https:\/\/www.a-emotionallight.com\/?p=53083"},"modified":"2024-01-15T17:32:53","modified_gmt":"2024-01-15T17:32:53","slug":"2023-un-ano-de-emociones","status":"publish","type":"post","link":"https:\/\/www.a-emotionallight.com\/es\/2023-un-ano-de-emociones\/","title":{"rendered":"2023, un a\u00f1o de emociones."},"content":{"rendered":"<section class=\"wpb-content-wrapper\"><p>[vc_row row_type=\u00bbrow\u00bb use_row_as_full_screen_section=\u00bbno\u00bb type=\u00bbfull_width\u00bb text_align=\u00bbleft\u00bb background_animation=\u00bbnone\u00bb css_animation=\u00bb\u00bb][vc_column][vc_column_text]<\/p>\n<p class=\"p1\"><span style=\"font-weight: 400;\">Este 2023 ha sido un a\u00f1o lleno de dise\u00f1o, luz y emociones. Iniciamos el a\u00f1o trabajando en todas las novedades en l\u00e1mparas que, en abril, sacamos a la luz en el mayor evento de dise\u00f1o de Europa: Euroluce.<\/span><\/p>\n<p><!--more-->[\/vc_column_text][vc_empty_space height=\u00bb10px\u00bb][vc_column_text]<span style=\"font-weight: 400;\">Se sumaron al equipo light thinkers para dar otra visi\u00f3n y forma a los dise\u00f1os de nuestra marca. Nuestras manos tambi\u00e9n se multiplicaron y sumamos a nuestro equipo light makers que han puesto toda su emoci\u00f3n en las l\u00e1mparas de los proyectos de este 2023.<\/span>[\/vc_column_text][vc_empty_space height=\u00bb10px\u00bb][vc_empty_space height=\u00bb10px\u00bb][vc_gallery interval=\u00bb3&#8243; images=\u00bb53086,53088,53092,53090,53094&#8243;][vc_empty_space height=\u00bb10px\u00bb][vc_empty_space height=\u00bb10px\u00bb][vc_column_text]<span style=\"font-weight: 400;\">Dimos la bienvenida a<\/span>\u00a0<a title=\"lamps\" href=\"https:\/\/www.a-emotionallight.com\/lamps\/\">Era, Anel, Cabana, Parga, Nebra, Bold, Blossom<\/a>, <span style=\"font-weight: 400;\">las nuevas colecciones que llenaron el cat\u00e1logo 2023. Algunas de las familias de nuestras l\u00e1mparas crecieron y sumamos nuevos tama\u00f1os a Cambo, Lea e Inn.<\/span>[\/vc_column_text][vc_empty_space height=\u00bb10px\u00bb][vc_column_text]<span style=\"font-weight: 400;\">Nos visitaron para conocer nuestro proceso de cerca y un a\u00f1o m\u00e1s, la Semana del Contract acudi\u00f3 a nuestras instalaciones.<\/span>[\/vc_column_text][vc_empty_space height=\u00bb10px\u00bb][vc_column_text]<span style=\"font-weight: 400;\">Viajamos y presentamos todas las nuevas l\u00e1mparas en puntos de todo el mundo. Visitamos San Francisco, Denver, Canad\u00e1, Nueva York, Burdeos, Dubai, Mallorca, Londres y muchas ciudades m\u00e1s para poder compartir con interioristas y profesionales del mundo del dise\u00f1o un poco sobre nuestros \u00faltimos proyectos, piezas custom y mucho dise\u00f1o.<\/span>[\/vc_column_text][vc_empty_space height=\u00bb10px\u00bb][vc_column_text]<span style=\"font-weight: 400;\">Parga, una de las nuevas colecciones que present\u00e1bamos en abril, fue reconocida con el distintivo Honoree de los premios Best of Year.<\/span>[\/vc_column_text][vc_empty_space height=\u00bb10px\u00bb][vc_column_text]<span style=\"font-weight: 400;\">Llegamos a muchos lugares con nuestras l\u00e1mparas, iluminamos proyectos hoteleros, restaurantes, oficinas, hogares\u2026 Y Coral, Tempo, Onn, Agasallo, Ballet\u2026 Llevaron emociones a nuevos rincones. Tuvimos el placer de participar en la gala ENOR de los premios de arquitectura con Nebra, Cabana y Blossom.<\/span>[\/vc_column_text][vc_empty_space height=\u00bb10px\u00bb][vc_column_text]<span style=\"font-weight: 400;\">Ha sido un a\u00f1o donde todo lo que nos ha sucedido, ha sido gracias a toda la confianza que deposit\u00e1is en nosotros. Gracias por hacernos parte de vuestros proyectos y esperamos seguir de vuestra mano este 2024.<\/span>[\/vc_column_text][\/vc_column][\/vc_row][vc_row row_type=\u00bbrow\u00bb use_row_as_full_screen_section=\u00bbno\u00bb type=\u00bbfull_width\u00bb text_align=\u00bbleft\u00bb background_animation=\u00bbnone\u00bb css_animation=\u00bb\u00bb][vc_column][\/vc_column][\/vc_row]<\/p>\n<\/section>","protected":false},"excerpt":{"rendered":"<p>[vc_row row_type=\u00bbrow\u00bb use_row_as_full_screen_section=\u00bbno\u00bb type=\u00bbfull_width\u00bb text_align=\u00bbleft\u00bb background_animation=\u00bbnone\u00bb css_animation=\u00bb\u00bb][vc_column][vc_column_text] Este 2023 ha sido un a\u00f1o lleno de dise\u00f1o, luz y emociones. Iniciamos el a\u00f1o trabajando en todas las novedades en l\u00e1mparas que, en abril, sacamos a la luz en el mayor evento de dise\u00f1o de Europa: Euroluce.<\/p>\n","protected":false},"author":2,"featured_media":53096,"comment_status":"open","ping_status":"open","sticky":false,"template":"","format":"standard","meta":{"inline_featured_image":false,"footnotes":""},"categories":[68,13],"tags":[],"aioseo_notices":[],"_links":{"self":[{"href":"https:\/\/www.a-emotionallight.com\/es\/wp-json\/wp\/v2\/posts\/53083"}],"collection":[{"href":"https:\/\/www.a-emotionallight.com\/es\/wp-json\/wp\/v2\/posts"}],"about":[{"href":"https:\/\/www.a-emotionallight.com\/es\/wp-json\/wp\/v2\/types\/post"}],"author":[{"embeddable":true,"href":"https:\/\/www.a-emotionallight.com\/es\/wp-json\/wp\/v2\/users\/2"}],"replies":[{"embeddable":true,"href":"https:\/\/www.a-emotionallight.com\/es\/wp-json\/wp\/v2\/comments?post=53083"}],"version-history":[{"count":5,"href":"https:\/\/www.a-emotionallight.com\/es\/wp-json\/wp\/v2\/posts\/53083\/revisions"}],"predecessor-version":[{"id":53100,"href":"https:\/\/www.a-emotionallight.com\/es\/wp-json\/wp\/v2\/posts\/53083\/revisions\/53100"}],"wp:featuredmedia":[{"embeddable":true,"href":"https:\/\/www.a-emotionallight.com\/es\/wp-json\/wp\/v2\/media\/53096"}],"wp:attachment":[{"href":"https:\/\/www.a-emotionallight.com\/es\/wp-json\/wp\/v2\/media?parent=53083"}],"wp:term":[{"taxonomy":"category","embeddable":true,"href":"https:\/\/www.a-emotionallight.com\/es\/wp-json\/wp\/v2\/categories?post=53083"},{"taxonomy":"post_tag","embeddable":true,"href":"https:\/\/www.a-emotionallight.com\/es\/wp-json\/wp\/v2\/tags?post=53083"}],"curies":[{"name":"wp","href":"https:\/\/api.w.org\/{rel}","templated":true}]}}