{"id":54601,"date":"2024-03-22T12:51:51","date_gmt":"2024-03-22T12:51:51","guid":{"rendered":"https:\/\/www.a-emotionallight.com\/?p=54601"},"modified":"2024-03-22T12:51:52","modified_gmt":"2024-03-22T12:51:52","slug":"hasta-pronto-architectwork","status":"publish","type":"post","link":"https:\/\/www.a-emotionallight.com\/es\/hasta-pronto-architectwork\/","title":{"rendered":"\u00a1Hasta pronto, ARCHITECT@WORK!"},"content":{"rendered":"<section class=\"wpb-content-wrapper\"><p>[vc_row row_type=\u00bbrow\u00bb use_row_as_full_screen_section=\u00bbno\u00bb type=\u00bbfull_width\u00bb text_align=\u00bbleft\u00bb background_animation=\u00bbnone\u00bb css_animation=\u00bb\u00bb][vc_column][vc_column_text]<\/p>\n<p><span style=\"font-weight: 400;\">Es hora de despedirnos de <a href=\"https:\/\/www.architect-at-work.co.uk\">ARCHITECT@WORK<\/a> London tras dos intensos d\u00edas en el Reino Unido. Como siempre, \u00a1todo un placer!<\/span><br \/>\n<!--more--><\/p>\n<p>[\/vc_column_text][vc_empty_space height=\u00bb40px\u00bb][vc_column_text]<\/p>\n<p class=\"p1\"><span style=\"font-weight: 400;\">La feria internacional <a href=\"https:\/\/www.architect-at-work.co.uk\">ARCHITECT@WORK<\/a> acaba de concluir y querr\u00edamos dar las gracias de todo coraz\u00f3n a todos aquellos que nos han acompa\u00f1ado y han visitado nuestro stand en Londres. Estamos encantados de poder haber exhibido nuestros \u00faltimos dise\u00f1os y proyectos, como nuestras colecciones <strong>Anel<\/strong>, <strong>Nebra<\/strong> y <strong>Parga<\/strong>, ofreciendo una pincelada de lo que tenemos previsto para este 2024. Desde proyectos personalizados y a medida hasta soluciones de iluminaci\u00f3n innovadoras, esperamos haberos inspirado con nuestras propuestas.<\/span><\/p>\n<p><!--more-->[\/vc_column_text][vc_empty_space height=\u00bb40px\u00bb][vc_column_text]<\/p>\n<p><img loading=\"lazy\" decoding=\"async\" class=\"alignnone  wp-image-54603\" src=\"https:\/\/www.a-emotionallight.com\/wp-content\/uploads\/2024\/03\/PHOTO-2024-03-19-17-30-27-e1711110530849-1014x1024.jpg\" alt=\"\" width=\"424\" height=\"428\" srcset=\"https:\/\/www.a-emotionallight.com\/wp-content\/uploads\/2024\/03\/PHOTO-2024-03-19-17-30-27-e1711110530849-1014x1024.jpg 1014w, https:\/\/www.a-emotionallight.com\/wp-content\/uploads\/2024\/03\/PHOTO-2024-03-19-17-30-27-e1711110530849-700x707.jpg 700w, https:\/\/www.a-emotionallight.com\/wp-content\/uploads\/2024\/03\/PHOTO-2024-03-19-17-30-27-e1711110530849-300x303.jpg 300w, https:\/\/www.a-emotionallight.com\/wp-content\/uploads\/2024\/03\/PHOTO-2024-03-19-17-30-27-e1711110530849.jpg 1065w\" sizes=\"(max-width: 424px) 100vw, 424px\" \/><\/p>\n<p>[\/vc_column_text][vc_empty_space height=\u00bb40px\u00bb][vc_column_text]<\/p>\n<p><span style=\"font-weight: 400;\">A medida que reflexionamos sobre las conexiones establecidas y las ideas intercambiadas durante <a href=\"https:\/\/www.architect-at-work.co.uk\">ARCHITECT@WORK<\/a> London, nos sentimos llenos de energ\u00eda y motivados para seguir empujando nuestros l\u00edmites y explorar nuevos horizontes en el mundo de la iluminaci\u00f3n contempor\u00e1nea.<\/span><\/p>\n<p>[\/vc_column_text][vc_empty_space height=\u00bb40px\u00bb][vc_column_text]<span style=\"font-weight: 400;\">Solamente deciros que, por mucho que nos estemos despidiendo de <a href=\"https:\/\/www.architect-at-work.co.uk\">ARCHITECT@WORK<\/a> London, estamos ya inmersos en preparar nuestra pr\u00f3xima aventura. Seguid atentos a nuestras novedades y esperamos volver a veros muy pronto.<\/span><\/p>\n<p>[\/vc_column_text][vc_empty_space height=\u00bb40px\u00bb][vc_column_text]<\/p>\n<\/section>","protected":false},"excerpt":{"rendered":"<p>[vc_row row_type=\u00bbrow\u00bb use_row_as_full_screen_section=\u00bbno\u00bb type=\u00bbfull_width\u00bb text_align=\u00bbleft\u00bb background_animation=\u00bbnone\u00bb css_animation=\u00bb\u00bb][vc_column][vc_column_text] Es hora de despedirnos de ARCHITECT@WORK London tras dos intensos d\u00edas en el Reino Unido. Como siempre, \u00a1todo un placer!<\/p>\n","protected":false},"author":2,"featured_media":54603,"comment_status":"open","ping_status":"open","sticky":false,"template":"","format":"standard","meta":{"inline_featured_image":false,"footnotes":""},"categories":[68,13],"tags":[],"aioseo_notices":[],"_links":{"self":[{"href":"https:\/\/www.a-emotionallight.com\/es\/wp-json\/wp\/v2\/posts\/54601"}],"collection":[{"href":"https:\/\/www.a-emotionallight.com\/es\/wp-json\/wp\/v2\/posts"}],"about":[{"href":"https:\/\/www.a-emotionallight.com\/es\/wp-json\/wp\/v2\/types\/post"}],"author":[{"embeddable":true,"href":"https:\/\/www.a-emotionallight.com\/es\/wp-json\/wp\/v2\/users\/2"}],"replies":[{"embeddable":true,"href":"https:\/\/www.a-emotionallight.com\/es\/wp-json\/wp\/v2\/comments?post=54601"}],"version-history":[{"count":3,"href":"https:\/\/www.a-emotionallight.com\/es\/wp-json\/wp\/v2\/posts\/54601\/revisions"}],"predecessor-version":[{"id":54615,"href":"https:\/\/www.a-emotionallight.com\/es\/wp-json\/wp\/v2\/posts\/54601\/revisions\/54615"}],"wp:featuredmedia":[{"embeddable":true,"href":"https:\/\/www.a-emotionallight.com\/es\/wp-json\/wp\/v2\/media\/54603"}],"wp:attachment":[{"href":"https:\/\/www.a-emotionallight.com\/es\/wp-json\/wp\/v2\/media?parent=54601"}],"wp:term":[{"taxonomy":"category","embeddable":true,"href":"https:\/\/www.a-emotionallight.com\/es\/wp-json\/wp\/v2\/categories?post=54601"},{"taxonomy":"post_tag","embeddable":true,"href":"https:\/\/www.a-emotionallight.com\/es\/wp-json\/wp\/v2\/tags?post=54601"}],"curies":[{"name":"wp","href":"https:\/\/api.w.org\/{rel}","templated":true}]}}