{"id":54709,"date":"2024-03-28T08:44:06","date_gmt":"2024-03-28T08:44:06","guid":{"rendered":"https:\/\/www.a-emotionallight.com\/?p=54709"},"modified":"2024-05-27T09:23:55","modified_gmt":"2024-05-27T09:23:55","slug":"in-the-spotlight-cenlitros","status":"publish","type":"post","link":"https:\/\/www.a-emotionallight.com\/es\/in-the-spotlight-cenlitros\/","title":{"rendered":"In the Spotlight \u00b7 Cenlitros"},"content":{"rendered":"<section class=\"wpb-content-wrapper\"><p>[vc_row row_type=\u00bbrow\u00bb use_row_as_full_screen_section=\u00bbno\u00bb type=\u00bbfull_width\u00bb text_align=\u00bbleft\u00bb background_animation=\u00bbnone\u00bb css_animation=\u00bb\u00bb][vc_column][vc_column_text]<\/p>\n<p><span style=\"font-weight: 400;\">\u00bfQu\u00e9 ocurre cuando el dise\u00f1o contempor\u00e1neo encuentra un punto de apoyo en el folclore, la tradici\u00f3n y la naturaleza? Nos sumergimos en el mundo de <a href=\"https:\/\/www.a-emotionallight.com\/es\/cenlitrosmetrocadrado\/\">Cenlitros<\/a> en busca de respuestas; un estudio de dise\u00f1o que construye su identidad a partir de las particularidades de Galicia y que, desde su nacimiento en 2006, ha explorado la intersecci\u00f3n entre la tradici\u00f3n artesanal y la innovaci\u00f3n contempor\u00e1nea, creando piezas que reflejan la esencia del entorno natural y cultural de la regi\u00f3n.<\/span><\/p>\n<p><!--more--><\/p>\n<p><span style=\"font-weight: 400;\">As\u00ed es c\u00f3mo <a href=\"https:\/\/www.a-emotionallight.com\/es\/cenlitrosmetrocadrado\/\">Cenlitros<\/a> ha forjado su camino, desde su peculiar nombre hasta su profunda relaci\u00f3n con la luz y la materializaci\u00f3n de la identidad gallega en sus colaboraciones con a\u00b7emotional light: Parga, Nebra y Cambo. <\/span><\/p>\n<p><span style=\"font-weight: 400;\">[\/vc_column_text][vc_empty_space height=\u00bb40px\u00bb]<\/span><\/p>\n<p><img loading=\"lazy\" decoding=\"async\" class=\"alignnone size-medium wp-image-54744\" src=\"https:\/\/www.a-emotionallight.com\/wp-content\/uploads\/2024\/03\/DSCF1004-1024x683.jpg\" alt=\"\" width=\"1024\" height=\"683\" srcset=\"https:\/\/www.a-emotionallight.com\/wp-content\/uploads\/2024\/03\/DSCF1004-1024x683.jpg 1024w, https:\/\/www.a-emotionallight.com\/wp-content\/uploads\/2024\/03\/DSCF1004-1536x1024.jpg 1536w, https:\/\/www.a-emotionallight.com\/wp-content\/uploads\/2024\/03\/DSCF1004-2048x1365.jpg 2048w, https:\/\/www.a-emotionallight.com\/wp-content\/uploads\/2024\/03\/DSCF1004-700x467.jpg 700w, https:\/\/www.a-emotionallight.com\/wp-content\/uploads\/2024\/03\/DSCF1004-1100x733.jpg 1100w, https:\/\/www.a-emotionallight.com\/wp-content\/uploads\/2024\/03\/DSCF1004-300x200.jpg 300w\" sizes=\"(max-width: 1024px) 100vw, 1024px\" \/><\/p>\n<p><span style=\"font-weight: 400;\">[vc_empty_space height=\u00bb0px\u00bb]Fotograf\u00eda por <a href=\"https:\/\/www.studioarandasantos.com\">Studio Aranda Santos<\/a><\/span><span style=\"font-weight: 400;\">[vc_empty_space height=\u00bb40px\u00bb]<\/span><\/p>\n<p><b>Un. <\/b><strong>\u00bfDe d\u00f3nde sale vuestro nombre? \u00bfC\u00f3mo empezasteis? \u00bfCu\u00e1les son vuestros referentes en el mundo del dise\u00f1o?\u00a0<\/strong><span style=\"font-weight: 400;\">[vc_empty_space height=\u00bb40px\u00bb][vc_column_text]<\/span><\/p>\n<p><span style=\"font-weight: 400;\">El nombre nace del hecho diferencial de la cantidad de lluvia que cae en Galicia en general y en Compostela en particular. Si el clima modela nuestro car\u00e1cter es f\u00e1cil deducir que tambi\u00e9n nuestro trabajo est\u00e1 influenciado de alg\u00fan modo. Buscamos hacer bandera de esa particularidad clim\u00e1tica y definir la identidad del estudio a trav\u00e9s del concepto atl\u00e1ntico.\u00a0<\/span><span style=\"font-weight: 400;\">[vc_empty_space height=\u00bb40px\u00bb][vc_column_text]<\/span><\/p>\n<p><span style=\"font-weight: 400;\">El estudio nace en 2006 de la mano de tres estudiantes de dise\u00f1o industrial de la escuela de Ferrol reci\u00e9n graduados. Un proceso muy natural basado en una relaci\u00f3n de afinidad tanto personal como profesional. No somos muy de citar referentes en el campo del dise\u00f1o. Nuestras referencias proceden con frecuencia del mundo rural, la naturaleza, la artesan\u00eda\u2026 por convivencia desde la infancia con ese tipo de repertorio formal y de materiales.<\/span><\/p>\n<p><!--more-->[\/vc_column_text][vc_empty_space height=\u00bb40px\u00bb][vc_column_text]<\/p>\n<p><b>Dous. <\/b><strong>\u00bfC\u00f3mo es vuestra relaci\u00f3n con la luz?\u00a0<\/strong><span style=\"font-weight: 400;\">[vc_empty_space height=\u00bb40px\u00bb][vc_column_text]<\/span><\/p>\n<p><span style=\"font-weight: 400;\">Intentamos siempre buscar niveles de iluminaci\u00f3n muy contenidos, donde la luz aporte un factor de sugesti\u00f3n del espacio sin llegar a evidenciarlo. Esa forma de iluminar forma parte de nuestro imaginario desde la infancia. Con el tiempo, una mala interpretaci\u00f3n de la tecnolog\u00eda ha ido desvirtuando esa relaci\u00f3n de la luz con el espacio que es de necesidad volver a replantearnos.\u00a0<\/span><span style=\"font-weight: 400;\">[vc_empty_space height=\u00bb40px\u00bb][vc_column_text]<\/span><\/p>\n<p><b>Tres.<\/b><strong> En vuestra obra hay una marcada identidad gallega. \u00bfCu\u00e1l es la importancia del dise\u00f1o galego? \u00bfExiste un dise\u00f1o galego?\u00a0<\/strong><span style=\"font-weight: 400;\">[vc_empty_space height=\u00bb40px\u00bb][vc_column_text]\u00a0<\/span><\/p>\n<p><span style=\"font-weight: 400;\">Nunca resulta f\u00e1cil hablar de uno mismo&#8230; Entendemos que en la medida que trabajes siendo t\u00fa mismo, atendiendo a tu personalidad, a tu cultura, a los medios disponibles en tu entorno&#8230; estar\u00e1s incorporando en tu trabajo esa componente de identidad personal y local. Esto debe surgir de forma natural, como consecuencia de una forma de ser, nunca de forma forzada. Cuando existe esa intenci\u00f3n de imprimir ese car\u00e1cter local, el trabajo adquiere una dimensi\u00f3n sobreactuada, impostada o casi folcl\u00f3rica, cayendo con frecuencia en estereotipos. <\/span><span style=\"font-weight: 400;\">[vc_empty_space height=\u00bb40px\u00bb][vc_column_text]<\/span><\/p>\n<p><span style=\"font-weight: 400;\">No somos conscientes de la existencia de una subtipolog\u00eda de dise\u00f1o que podamos denominar &#8211; dise\u00f1o galego &#8211; atendiendo a aspectos formales o materiales. Simplemente definir\u00eda como dise\u00f1o galego al dise\u00f1o producido por los dise\u00f1adores galegos, sin ninguna otra particularidad. <\/span><span style=\"font-weight: 400;\">[vc_empty_space height=\u00bb40px\u00bb][vc_column_text]<\/span><\/p>\n<p><b><img loading=\"lazy\" decoding=\"async\" class=\"alignnone  wp-image-54748\" src=\"https:\/\/www.a-emotionallight.com\/wp-content\/uploads\/2024\/03\/DSCF0984-683x1024.jpg\" alt=\"\" width=\"825\" height=\"1237\" srcset=\"https:\/\/www.a-emotionallight.com\/wp-content\/uploads\/2024\/03\/DSCF0984-683x1024.jpg 683w, https:\/\/www.a-emotionallight.com\/wp-content\/uploads\/2024\/03\/DSCF0984-1024x1536.jpg 1024w, https:\/\/www.a-emotionallight.com\/wp-content\/uploads\/2024\/03\/DSCF0984-1365x2048.jpg 1365w, https:\/\/www.a-emotionallight.com\/wp-content\/uploads\/2024\/03\/DSCF0984-700x1050.jpg 700w, https:\/\/www.a-emotionallight.com\/wp-content\/uploads\/2024\/03\/DSCF0984-1100x1650.jpg 1100w, https:\/\/www.a-emotionallight.com\/wp-content\/uploads\/2024\/03\/DSCF0984-300x450.jpg 300w, https:\/\/www.a-emotionallight.com\/wp-content\/uploads\/2024\/03\/DSCF0984-scaled.jpg 1707w\" sizes=\"(max-width: 825px) 100vw, 825px\" \/><\/b><\/p>\n<p><span style=\"font-weight: 400;\">[vc_empty_space height=\u00bb0px\u00bb]Fotograf\u00eda por <a href=\"https:\/\/www.studioarandasantos.com\">Studio Aranda Santos<\/a><\/span><span style=\"font-weight: 400;\">[vc_empty_space height=\u00bb40px\u00bb]<\/span><\/p>\n<p><b>Catro. <\/b><strong>\u00bfEstamos viviendo un resurgir (Rexurdimento) del Made in Galicia, tanto en la moda como en el dise\u00f1o, la literatura (\u00faltimos Premios Nacionales de Narrativa y Poes\u00eda) o el cine (Novo Cinema Galego)? \u00bfA qu\u00e9 lo atribu\u00eds?<\/strong><\/p>\n<p><span style=\"font-weight: 400;\">[vc_empty_space height=\u00bb40px\u00bb][vc_column_text]\u00a0<\/span><\/p>\n<p><span style=\"font-weight: 400;\">El sector textil en Galicia dispone de un fuerte arraigo desde los a\u00f1os ochenta, tanto a nivel de profesionales dedicados al dise\u00f1o como de formaci\u00f3n acad\u00e9mica especializada. Esta tradici\u00f3n no es extensible a otros campos del dise\u00f1o o la creatividad, que van surgiendo pero con una menor presencia. En el caso del dise\u00f1o industrial, nuestro pasado menos industrializado con respecto a otras zonas geogr\u00e1ficas dificulta el desarrollo de esta especialidad. La verdad, no somos muy optimistas en cuanto a la efervescencia de la creatividad en Galicia. <\/span><span style=\"font-weight: 400;\">[vc_empty_space height=\u00bb40px\u00bb][vc_column_text]<\/span><\/p>\n<p><b>Cinco. <\/b><strong>\u00bfC\u00f3mo definir\u00edais <i>a\u00b7emotional light<\/i> en una palabra? \u00bfDe d\u00f3nde surge vuestra colaboraci\u00f3n?<\/strong><span style=\"font-weight: 400;\">[vc_empty_space height=\u00bb40px\u00bb][vc_column_text]<\/span><\/p>\n<p><span style=\"font-weight: 400;\">Seguimos a la empresa desde nuestra \u00e9poca de estudiantes. En Galicia no son frecuentes las empresas que apuestan por el dise\u00f1o como factor estrat\u00e9gico, por eso siempre estuvo en nuestra mente poder realizar alg\u00fan tipo de colaboraci\u00f3n. Para nosotros, <\/span><strong><i>a\u00b7emotional light <\/i><\/strong><span style=\"font-weight: 400;\">representa una puerta abierta al dise\u00f1o de producto en general y de iluminaci\u00f3n en particular. En la etapa anterior, y pese a intentar ese acercamiento, no fu\u00e9 posible desarrollar ninguna colaboraci\u00f3n. Con el cambio de direcci\u00f3n retomamos el contacto y progresivamente va surgiendo una afinidad tanto profesional como personal, que de forma natural se concreta en diferentes colaboraciones. La componente humana es fundamental para que la relaci\u00f3n resulte f\u00e9rtil y duradera.\u00a0<\/span><span style=\"font-weight: 400;\">[vc_empty_space height=\u00bb40px\u00bb][vc_column_text]<\/span><\/p>\n<p><b>Seis. <\/b><strong>De vuestra colaboraci\u00f3n con <i>a\u00b7emotional light <\/i>han salido tres colecciones de luminarias: Parga, Nebra y Cambo. \u00bfCu\u00e1l es el hilo conductor de estas tres colecciones?\u00a0<\/strong><span style=\"font-weight: 400;\">[vc_empty_space height=\u00bb40px\u00bb][vc_column_text]<\/span><\/p>\n<p><span style=\"font-weight: 400;\">Sin pretenderlo, es habitual que en nuestro trabajo aparezcan referencias a la naturaleza. Utilizando materiales naturales como la piedra y la madera nos sentimos especialmente c\u00f3modos. A parte de esa afinidad de lenguajes, damos mucha importancia a la multisensorialidad de los materiales: texturas, olores\u2026 Sobre todo en una \u00e9poca donde lo visual anula el resto de los sentidos. Adem\u00e1s de trabajar con materiales y lenguajes que nos resultan pr\u00f3ximos intentamos buscar puntos de encuentro e interacciones con la luz. Debemos entender como se expresa cada material y que potencialidades ofrece en el contexto de la iluminaci\u00f3n. No debemos de perder de vista que el objetivo es trabajar con la luz; los materiales y las formas s\u00f3lo son herramientas para conseguirlo.\u00a0<\/span><span style=\"font-weight: 400;\">[vc_empty_space height=\u00bb40px\u00bb][vc_column_text]<\/span><\/p>\n<p><b><img loading=\"lazy\" decoding=\"async\" class=\"alignnone  wp-image-54746\" src=\"https:\/\/www.a-emotionallight.com\/wp-content\/uploads\/2024\/03\/DSCF1442-683x1024.jpg\" alt=\"\" width=\"819\" height=\"1228\" srcset=\"https:\/\/www.a-emotionallight.com\/wp-content\/uploads\/2024\/03\/DSCF1442-683x1024.jpg 683w, https:\/\/www.a-emotionallight.com\/wp-content\/uploads\/2024\/03\/DSCF1442-1024x1536.jpg 1024w, https:\/\/www.a-emotionallight.com\/wp-content\/uploads\/2024\/03\/DSCF1442-1365x2048.jpg 1365w, https:\/\/www.a-emotionallight.com\/wp-content\/uploads\/2024\/03\/DSCF1442-700x1050.jpg 700w, https:\/\/www.a-emotionallight.com\/wp-content\/uploads\/2024\/03\/DSCF1442-1100x1650.jpg 1100w, https:\/\/www.a-emotionallight.com\/wp-content\/uploads\/2024\/03\/DSCF1442-300x450.jpg 300w, https:\/\/www.a-emotionallight.com\/wp-content\/uploads\/2024\/03\/DSCF1442-scaled.jpg 1707w\" sizes=\"(max-width: 819px) 100vw, 819px\" \/><\/b><\/p>\n<p><span style=\"font-weight: 400;\">[vc_empty_space height=\u00bb0px\u00bb]Fotograf\u00eda por <a href=\"https:\/\/www.studioarandasantos.com\">Studio Aranda Santos<\/a><\/span><span style=\"font-weight: 400;\">[vc_empty_space height=\u00bb40px\u00bb]<\/span><\/p>\n<p><b>Sete.<\/b><strong> \u00bfCu\u00e1l es el origen del dise\u00f1o de Parga?\u00a0<\/strong><span style=\"font-weight: 400;\">[vc_empty_space height=\u00bb40px\u00bb][vc_column_text]<\/span><\/p>\n<p><span style=\"font-weight: 400;\">Parga nace de un gesto de provocaci\u00f3n, al utilizar un material como la piedra en el contexto de la iluminaci\u00f3n. De entrada podemos entender que es un material antinatural en este contexto, al resultar pesada y compleja de trabajar. Ese era el reto, conseguir crear de esa supuesta debilidad una fortaleza que nos aportara personalidad y diferenciaci\u00f3n en un segmento cada vez m\u00e1s estandarizado. Tambi\u00e9n exist\u00eda una componente &#8211; glocal -, de proponer una pieza con una vocaci\u00f3n global desde un elemento de partida muy local, como era el uso de peque\u00f1os fragmentos de granito de descarte.\u00a0<\/span><span style=\"font-weight: 400;\">[vc_empty_space height=\u00bb40px\u00bb][vc_column_text]<\/span><\/p>\n<p><b><img loading=\"lazy\" decoding=\"async\" class=\"alignnone  wp-image-54750\" src=\"https:\/\/www.a-emotionallight.com\/wp-content\/uploads\/2024\/03\/DSCF1054-scaled-e1711614340497.jpg\" alt=\"\" width=\"846\" height=\"1268\" \/><\/b><\/p>\n<p><span style=\"font-weight: 400;\">[vc_empty_space height=\u00bb0px\u00bb]Fotograf\u00eda por <a href=\"https:\/\/www.studioarandasantos.com\">Studio Aranda Santos<\/a><\/span><span style=\"font-weight: 400;\">[vc_empty_space height=\u00bb40px\u00bb]<\/span><\/p>\n<p><b>Oito. <\/b><strong>\u00bfC\u00f3mo pueden integrarse piezas que nazcan de la tradici\u00f3n artesana en alg\u00fan proyecto moderno?\u00a0<\/strong><span style=\"font-weight: 400;\">[vc_empty_space height=\u00bb40px\u00bb][vc_column_text]<\/span><\/p>\n<p><span style=\"font-weight: 400;\">Es fundamental disociar artesan\u00eda y tradici\u00f3n. Un trabajo artesanal puede recoger una fuerte vocaci\u00f3n contempor\u00e1nea. La artesan\u00eda simplemente es una herramienta; debemos entender las limitaciones y oportunidades que ofrece para sacar el mejor rendimiento. Algo propio de la artesan\u00eda es la flexibilidad que proporciona en cuanto a admitir variaciones y adaptaciones a determinados proyectos. Otro potencial de la producci\u00f3n artesanal radica en la delicadeza de los acabados y los detalles de fabricaci\u00f3n que imprime la mano del artesano. En contraposici\u00f3n, es indispensable entender d\u00f3nde aporta valor la producci\u00f3n artesanal, para no ralentizar y encarecer de forma innecesaria la pieza.\u00a0<\/span><span style=\"font-weight: 400;\">[vc_empty_space height=\u00bb40px\u00bb][vc_column_text]<\/span><\/p>\n<p><b>Nove.<\/b><strong> \u00bfCu\u00e1l es la esencia de Cambo, Premio Paraugas en 2021? \u00bfC\u00f3mo afecta a vuestro trabajo un reconocimiento tal: motivaci\u00f3n o presi\u00f3n?\u00a0<\/strong><span style=\"font-weight: 400;\">[vc_empty_space height=\u00bb40px\u00bb][vc_column_text]<\/span><\/p>\n<p><span style=\"font-weight: 400;\">Cambo toma como referencia la morfolog\u00eda y las leyes de crecimiento vegetal. Define la bifurcaci\u00f3n como elemento base que se adapta seg\u00fan las necesidades de cada tipolog\u00eda. El empleo de un elemento tomado de la naturaleza aporta una componente vern\u00e1cula a la pieza, en contraste con la malla met\u00e1lica y la fuente de iluminaci\u00f3n LED.\u00a0<\/span><span style=\"font-weight: 400;\">[vc_empty_space height=\u00bb40px\u00bb][vc_column_text]<\/span><\/p>\n<p><span style=\"font-weight: 400;\">Los reconocimientos siempre son una compensaci\u00f3n moral al trabajo. Siempre necesitas someter tu trabajo a juicio para comprobar si este tiene la aceptaci\u00f3n y el valor que se le pretende. No suponen una presi\u00f3n extra, creo que la presi\u00f3n est\u00e1 impl\u00edcita en la forma de entender y desarrollar la profesi\u00f3n. Los reconocimientos siempre aportan un extra de motivaci\u00f3n para encarar nuevos proyectos. <\/span><span style=\"font-weight: 400;\">[vc_empty_space height=\u00bb40px\u00bb][vc_column_text]<\/span><\/p>\n<p><b><img loading=\"lazy\" decoding=\"async\" class=\"alignnone  wp-image-54752\" src=\"https:\/\/www.a-emotionallight.com\/wp-content\/uploads\/2024\/03\/DSCF1213-683x1024.jpg\" alt=\"\" width=\"833\" height=\"1249\" srcset=\"https:\/\/www.a-emotionallight.com\/wp-content\/uploads\/2024\/03\/DSCF1213-683x1024.jpg 683w, https:\/\/www.a-emotionallight.com\/wp-content\/uploads\/2024\/03\/DSCF1213-1024x1536.jpg 1024w, https:\/\/www.a-emotionallight.com\/wp-content\/uploads\/2024\/03\/DSCF1213-1365x2048.jpg 1365w, https:\/\/www.a-emotionallight.com\/wp-content\/uploads\/2024\/03\/DSCF1213-700x1050.jpg 700w, https:\/\/www.a-emotionallight.com\/wp-content\/uploads\/2024\/03\/DSCF1213-1100x1650.jpg 1100w, https:\/\/www.a-emotionallight.com\/wp-content\/uploads\/2024\/03\/DSCF1213-300x450.jpg 300w, https:\/\/www.a-emotionallight.com\/wp-content\/uploads\/2024\/03\/DSCF1213-scaled.jpg 1707w\" sizes=\"(max-width: 833px) 100vw, 833px\" \/><\/b><\/p>\n<p><span style=\"font-weight: 400;\">[vc_empty_space height=\u00bb0px\u00bb]Fotograf\u00eda por <a href=\"https:\/\/www.studioarandasantos.com\">Studio Aranda Santos<\/a><\/span><span style=\"font-weight: 400;\">[vc_empty_space height=\u00bb40px\u00bb]<\/span><\/p>\n<p><b>Dez. <\/b><strong>Si vuestras l\u00e1mparas fuesen un \u00e1lbum de m\u00fasica, \u00bfcu\u00e1l ser\u00eda cada una de ellas? <\/strong><span style=\"font-weight: 400;\">[vc_empty_space height=\u00bb40px\u00bb][vc_column_text]<\/span><\/p>\n<p><span style=\"font-weight: 400;\">Cambo, The Joshua Tree (U2).<\/span><\/p>\n<p><span style=\"font-weight: 400;\">Parga, Violator (Depeche Mode).<\/span><\/p>\n<p><span style=\"font-weight: 400;\">Nebra, Chronology (<\/span><span style=\"font-weight: 400;\">Jean Michel Jarre<\/span><span style=\"font-weight: 400;\">).<\/span><\/p>\n<p><br style=\"font-weight: 400;\" \/><span style=\"font-weight: 400;\">[vc_empty_space height=\u00bb40px\u00bb]Entrevista y fotograf\u00eda por <a href=\"https:\/\/www.studioarandasantos.com\">Studio Aranda Santos<\/a><\/span><span style=\"font-weight: 400;\">[vc_empty_space height=\u00bb40px\u00bb]<\/span><\/p>\n<p><br style=\"font-weight: 400;\" \/><br style=\"font-weight: 400;\" \/><\/p>\n<p><br style=\"font-weight: 400;\" \/><br style=\"font-weight: 400;\" \/><\/p>\n<p><br style=\"font-weight: 400;\" \/><br style=\"font-weight: 400;\" \/><\/p>\n<p><!--more-->[\/vc_column_text][vc_empty_space height=\u00bb40px\u00bb][vc_column_text]<\/p>\n<\/section>","protected":false},"excerpt":{"rendered":"<p>[vc_row row_type=\u00bbrow\u00bb use_row_as_full_screen_section=\u00bbno\u00bb type=\u00bbfull_width\u00bb text_align=\u00bbleft\u00bb background_animation=\u00bbnone\u00bb css_animation=\u00bb\u00bb][vc_column][vc_column_text] \u00bfQu\u00e9 ocurre cuando el dise\u00f1o contempor\u00e1neo encuentra un punto de apoyo en el folclore, la tradici\u00f3n y la naturaleza? Nos sumergimos en el mundo de Cenlitros en busca de respuestas; un estudio de dise\u00f1o que construye su identidad a partir de las particularidades de Galicia y que, desde su nacimiento en 2006, ha explorado la intersecci\u00f3n entre la tradici\u00f3n artesanal y la innovaci\u00f3n contempor\u00e1nea, creando piezas que reflejan la esencia del entorno natural y cultural de la regi\u00f3n.<\/p>\n","protected":false},"author":2,"featured_media":54744,"comment_status":"open","ping_status":"open","sticky":false,"template":"","format":"standard","meta":{"inline_featured_image":false,"footnotes":""},"categories":[68,13],"tags":[195,194],"aioseo_notices":[],"_links":{"self":[{"href":"https:\/\/www.a-emotionallight.com\/es\/wp-json\/wp\/v2\/posts\/54709"}],"collection":[{"href":"https:\/\/www.a-emotionallight.com\/es\/wp-json\/wp\/v2\/posts"}],"about":[{"href":"https:\/\/www.a-emotionallight.com\/es\/wp-json\/wp\/v2\/types\/post"}],"author":[{"embeddable":true,"href":"https:\/\/www.a-emotionallight.com\/es\/wp-json\/wp\/v2\/users\/2"}],"replies":[{"embeddable":true,"href":"https:\/\/www.a-emotionallight.com\/es\/wp-json\/wp\/v2\/comments?post=54709"}],"version-history":[{"count":25,"href":"https:\/\/www.a-emotionallight.com\/es\/wp-json\/wp\/v2\/posts\/54709\/revisions"}],"predecessor-version":[{"id":56185,"href":"https:\/\/www.a-emotionallight.com\/es\/wp-json\/wp\/v2\/posts\/54709\/revisions\/56185"}],"wp:featuredmedia":[{"embeddable":true,"href":"https:\/\/www.a-emotionallight.com\/es\/wp-json\/wp\/v2\/media\/54744"}],"wp:attachment":[{"href":"https:\/\/www.a-emotionallight.com\/es\/wp-json\/wp\/v2\/media?parent=54709"}],"wp:term":[{"taxonomy":"category","embeddable":true,"href":"https:\/\/www.a-emotionallight.com\/es\/wp-json\/wp\/v2\/categories?post=54709"},{"taxonomy":"post_tag","embeddable":true,"href":"https:\/\/www.a-emotionallight.com\/es\/wp-json\/wp\/v2\/tags?post=54709"}],"curies":[{"name":"wp","href":"https:\/\/api.w.org\/{rel}","templated":true}]}}