{"id":54951,"date":"2024-04-16T07:26:23","date_gmt":"2024-04-16T07:26:23","guid":{"rendered":"https:\/\/www.a-emotionallight.com\/?p=54951"},"modified":"2024-04-16T08:10:25","modified_gmt":"2024-04-16T08:10:25","slug":"a%c2%b7emotional-light-la-luz-que-emociona","status":"publish","type":"post","link":"https:\/\/www.a-emotionallight.com\/es\/a%c2%b7emotional-light-la-luz-que-emociona\/","title":{"rendered":"a\u00b7emotional light, la luz que emociona"},"content":{"rendered":"<section class=\"wpb-content-wrapper\"><p>[vc_row row_type=\u00bbrow\u00bb use_row_as_full_screen_section=\u00bbno\u00bb type=\u00bbfull_width\u00bb text_align=\u00bbleft\u00bb background_animation=\u00bbnone\u00bb css_animation=\u00bb\u00bb][vc_column][vc_column_text]<\/p>\n<p><span style=\"font-weight: 400;\">Una luz que juega con el esp\u00edritu y busca despertar un lenguaje sensorial en aquellas personas y espacios con los que interact\u00faa. Una luz que aspira a trascender el plano f\u00edsico para, mediante las emociones, manifestar una filosof\u00eda arraigada en nuestros valores fundamentales. <\/span><span style=\"font-weight: 400;\">[vc_empty_space height=\u00bb40px\u00bb] <\/span><\/p>\n<p><!--more--><\/p>\n<p><span style=\"font-weight: 400;\"><b>a\u00b7emotional light<\/b>. En el coraz\u00f3n de nuestra marca yace el compromiso con la excelencia, la innovaci\u00f3n y la emoci\u00f3n. Una forma de pensar que se refleja profundamente en cada uno de nuestros dise\u00f1os lum\u00ednicos, fomentada por unos valores, nuestros valores, que reflejan nuestra identidad y la manera en la que entendemos la luz.<\/span><\/p>\n<p><span style=\"font-weight: 400;\">[vc_empty_space height=\u00bb40px\u00bb]<\/span><\/p>\n<p><span style=\"font-weight: 400;\">Nuestros valores son el n\u00facleo de <\/span><b>a\u00b7emotional light<\/b><span style=\"font-weight: 400;\">. Nos comprometemos con la innovaci\u00f3n que impulsa nuestro proceso creativo, buscando constantemente nuevas formas de expresi\u00f3n y funcionalidad en el dise\u00f1o de iluminaci\u00f3n. Tocar el alma de las personas y los espacios que iluminamos creando una conexi\u00f3n emocional, una experiencia sensorial que llegue al coraz\u00f3n. Esta filosof\u00eda arraigada en nuestros valores es lo que nos impulsa a explorar constantemente, a desafiar los l\u00edmites de lo posible y a ofrecer una luz que no solo ilumina, sino que tambi\u00e9n inspira y emociona.<\/span><\/p>\n<p><span style=\"font-weight: 400;\">[vc_empty_space height=\u00bb40px\u00bb]<\/span><\/p>\n<p><span style=\"font-weight: 400;\"><img loading=\"lazy\" decoding=\"async\" class=\"alignnone size-medium wp-image-55096\" src=\"https:\/\/www.a-emotionallight.com\/wp-content\/uploads\/2024\/04\/a\u00b7emotionallight-the-light-that-thrills-1-771x1024.jpg\" alt=\"\" width=\"771\" height=\"1024\" srcset=\"https:\/\/www.a-emotionallight.com\/wp-content\/uploads\/2024\/04\/a\u00b7emotionallight-the-light-that-thrills-1-771x1024.jpg 771w, https:\/\/www.a-emotionallight.com\/wp-content\/uploads\/2024\/04\/a\u00b7emotionallight-the-light-that-thrills-1-1157x1536.jpg 1157w, https:\/\/www.a-emotionallight.com\/wp-content\/uploads\/2024\/04\/a\u00b7emotionallight-the-light-that-thrills-1-1543x2048.jpg 1543w, https:\/\/www.a-emotionallight.com\/wp-content\/uploads\/2024\/04\/a\u00b7emotionallight-the-light-that-thrills-1-700x929.jpg 700w, https:\/\/www.a-emotionallight.com\/wp-content\/uploads\/2024\/04\/a\u00b7emotionallight-the-light-that-thrills-1-1100x1460.jpg 1100w, https:\/\/www.a-emotionallight.com\/wp-content\/uploads\/2024\/04\/a\u00b7emotionallight-the-light-that-thrills-1-300x398.jpg 300w, https:\/\/www.a-emotionallight.com\/wp-content\/uploads\/2024\/04\/a\u00b7emotionallight-the-light-that-thrills-1.jpg 1856w\" sizes=\"(max-width: 771px) 100vw, 771px\" \/>[vc_empty_space height=\u00bb40px\u00bb]<\/span><\/p>\n<p><b>Herederos de una tradici\u00f3n artesana<\/b><\/p>\n<p><span style=\"font-weight: 400;\">\u00a0[vc_empty_space height=\u00bb10px\u00bb]<\/span><\/p>\n<p><span style=\"font-weight: 400;\">Nuestros valores se entrelazan con cada aspecto de nuestras creaciones, desde la elecci\u00f3n de los materiales hasta la forma y la funci\u00f3n de cada l\u00e1mpara. <\/span><b>a\u00b7crafted light<\/b><span style=\"font-weight: 400;\">.<\/span> <span style=\"font-weight: 400;\">Valoramos la calidad artesanal y la atenci\u00f3n al detalle, asegurando que cada pieza sea una obra de arte en s\u00ed misma. Nos enorgullece destacar la calidad que define cada una de nuestras piezas, resultado de un proceso meticuloso y apasionado, heredero de una tradici\u00f3n artesana. Un tratamiento manual que conlleva un trabajo de sastre. <\/span><b>a\u00b7tailored light<\/b><span style=\"font-weight: 400;\">. Nuestras luminarias son cuidadosamente dise\u00f1adas para adaptarse a las necesidades y preferencias de cada cliente, haciendo de nuestras l\u00e1mparas unas piezas \u00fanicas, que se integran perfectamente en entornos diversos y variados.[vc_empty_space height=\u00bb40px\u00bb]<\/span><\/p>\n<p><img loading=\"lazy\" decoding=\"async\" class=\"alignnone size-medium wp-image-55098\" src=\"https:\/\/www.a-emotionallight.com\/wp-content\/uploads\/2024\/04\/a\u00b7emotionallight-the-light-that-thrills-2-1-771x1024.jpg\" alt=\"\" width=\"771\" height=\"1024\" srcset=\"https:\/\/www.a-emotionallight.com\/wp-content\/uploads\/2024\/04\/a\u00b7emotionallight-the-light-that-thrills-2-1-771x1024.jpg 771w, https:\/\/www.a-emotionallight.com\/wp-content\/uploads\/2024\/04\/a\u00b7emotionallight-the-light-that-thrills-2-1-1157x1536.jpg 1157w, https:\/\/www.a-emotionallight.com\/wp-content\/uploads\/2024\/04\/a\u00b7emotionallight-the-light-that-thrills-2-1-1543x2048.jpg 1543w, https:\/\/www.a-emotionallight.com\/wp-content\/uploads\/2024\/04\/a\u00b7emotionallight-the-light-that-thrills-2-1-700x929.jpg 700w, https:\/\/www.a-emotionallight.com\/wp-content\/uploads\/2024\/04\/a\u00b7emotionallight-the-light-that-thrills-2-1-1100x1460.jpg 1100w, https:\/\/www.a-emotionallight.com\/wp-content\/uploads\/2024\/04\/a\u00b7emotionallight-the-light-that-thrills-2-1-300x398.jpg 300w, https:\/\/www.a-emotionallight.com\/wp-content\/uploads\/2024\/04\/a\u00b7emotionallight-the-light-that-thrills-2-1.jpg 1856w\" sizes=\"(max-width: 771px) 100vw, 771px\" \/><!--more-->[vc_empty_space height=\u00bb40px\u00bb]<\/p>\n<p><b>De Galicia al mundo; del mundo a Galicia \u00a0<\/b><\/p>\n<p><b>\u00a0[vc_empty_space height=\u00bb10px\u00bb]<\/b><\/p>\n<p><span style=\"font-weight: 400;\">La nuestra es una luz natural, org\u00e1nica. <\/span><b>a\u00b7rooted light<\/b><span style=\"font-weight: 400;\">. Una luz que nace de nuestro mundo y que construye un reflejo de lo que vemos, de todo aquello que nos rodea. Lo que subyace detr\u00e1s de nuestras l\u00e1mparas no es m\u00e1s que una apertura de mirada hacia el mundo en el que vivimos. Ampliar la perspectiva para beber de nuestro medio y plasmar la luz que nos rodea en nuestros dise\u00f1os y creaciones, inspirados por la tierra y la naturaleza. <\/span><b>a\u00b7universal light<\/b><span style=\"font-weight: 400;\">. Un nexo con la humanidad a trav\u00e9s de la naturaleza que nos lleva a dise\u00f1ar colecciones que se inspiran en elementos esenciales y globales, desde la suavidad de una brisa marina hasta el porte elegante de un \u00e1rbol, para transmitir una sensaci\u00f3n de conexi\u00f3n con el mundo.<\/span><\/p>\n<p>[vc_empty_space height=\u00bb40px\u00bb]<\/p>\n<p><img loading=\"lazy\" decoding=\"async\" class=\"alignnone size-medium wp-image-55100\" src=\"https:\/\/www.a-emotionallight.com\/wp-content\/uploads\/2024\/04\/a\u00b7emotionallight-the-light-that-thrills-3-771x1024.jpg\" alt=\"\" width=\"771\" height=\"1024\" srcset=\"https:\/\/www.a-emotionallight.com\/wp-content\/uploads\/2024\/04\/a\u00b7emotionallight-the-light-that-thrills-3-771x1024.jpg 771w, https:\/\/www.a-emotionallight.com\/wp-content\/uploads\/2024\/04\/a\u00b7emotionallight-the-light-that-thrills-3-1157x1536.jpg 1157w, https:\/\/www.a-emotionallight.com\/wp-content\/uploads\/2024\/04\/a\u00b7emotionallight-the-light-that-thrills-3-1543x2048.jpg 1543w, https:\/\/www.a-emotionallight.com\/wp-content\/uploads\/2024\/04\/a\u00b7emotionallight-the-light-that-thrills-3-700x929.jpg 700w, https:\/\/www.a-emotionallight.com\/wp-content\/uploads\/2024\/04\/a\u00b7emotionallight-the-light-that-thrills-3-1100x1460.jpg 1100w, https:\/\/www.a-emotionallight.com\/wp-content\/uploads\/2024\/04\/a\u00b7emotionallight-the-light-that-thrills-3-300x398.jpg 300w, https:\/\/www.a-emotionallight.com\/wp-content\/uploads\/2024\/04\/a\u00b7emotionallight-the-light-that-thrills-3.jpg 1856w\" sizes=\"(max-width: 771px) 100vw, 771px\" \/><br style=\"font-weight: 400;\" \/>[vc_empty_space height=\u00bb40px\u00bb]<\/p>\n<p><b>Forjando el ma\u00f1ana: innovaci\u00f3n y vanguardia en a\u00b7emotional light <\/b><\/p>\n<p><b>\u00a0[vc_empty_space height=\u00bb10px\u00bb]<\/b><\/p>\n<p><span style=\"font-weight: 400;\">Nuestra visi\u00f3n a largo plazo se centra en crear luminarias que perduren en el tiempo. Para ello, buscamos situarnos a la vanguardia del dise\u00f1o de iluminaci\u00f3n con las \u00faltimas colecciones de <\/span><b>a\u00b7emotional light<\/b><span style=\"font-weight: 400;\">: Nebra, Cabana, Anel, Era, Agasallo, Tempo, Lea y Parga. <\/span><b>a\u00b7contemporary light<\/b><span style=\"font-weight: 400;\">.<\/span> <span style=\"font-weight: 400;\">Unas colecciones, creadas por dise\u00f1adores como <\/span><b>Isaac Pi\u00f1eiro<\/b><span style=\"font-weight: 400;\">, <\/span><b>H\u00e9ctor Serrano<\/b><span style=\"font-weight: 400;\">, <\/span><b>Arturo \u00c1lvarez<\/b><span style=\"font-weight: 400;\">, <\/span><b>Rafa Alfonso<\/b><span style=\"font-weight: 400;\">, el estudio <\/span><b>Cenlitros <\/b><span style=\"font-weight: 400;\">o el equipo interno de <\/span><b>a\u00b7emotional light<\/b><span style=\"font-weight: 400;\">. Unas piezas que destacan por su innovaci\u00f3n y originalidad, ofreciendo una experiencia \u00fanica y emocionante. Con formas din\u00e1micas y materiales innovadores, estas colecciones reflejan el compromiso de <\/span><b>a\u00b7emotional light<\/b><span style=\"font-weight: 400;\"> con la vanguardia en el dise\u00f1o y la creatividad. <\/span><b>a\u00b7cultural light<\/b><span style=\"font-weight: 400;\">. La actualidad de nuestra marca\u00a0 es una evoluci\u00f3n, un aprendizaje contin\u00fao con nuevos agentes implicados en hacernos seguir explorando, creando y sorprendiendo mientras avanzamos hacia un horizonte de innovaci\u00f3n y progreso.<\/span><\/p>\n<p>[vc_empty_space height=\u00bb40px\u00bb]<\/p>\n<p><img loading=\"lazy\" decoding=\"async\" class=\"alignnone size-medium wp-image-55102\" src=\"https:\/\/www.a-emotionallight.com\/wp-content\/uploads\/2024\/04\/a\u00b7emotionallight-the-light-that-thrills-4-1024x793.jpg\" alt=\"\" width=\"1024\" height=\"793\" srcset=\"https:\/\/www.a-emotionallight.com\/wp-content\/uploads\/2024\/04\/a\u00b7emotionallight-the-light-that-thrills-4-1024x793.jpg 1024w, https:\/\/www.a-emotionallight.com\/wp-content\/uploads\/2024\/04\/a\u00b7emotionallight-the-light-that-thrills-4-1322x1024.jpg 1322w, https:\/\/www.a-emotionallight.com\/wp-content\/uploads\/2024\/04\/a\u00b7emotionallight-the-light-that-thrills-4-1536x1190.jpg 1536w, https:\/\/www.a-emotionallight.com\/wp-content\/uploads\/2024\/04\/a\u00b7emotionallight-the-light-that-thrills-4-2048x1587.jpg 2048w, https:\/\/www.a-emotionallight.com\/wp-content\/uploads\/2024\/04\/a\u00b7emotionallight-the-light-that-thrills-4-700x542.jpg 700w, https:\/\/www.a-emotionallight.com\/wp-content\/uploads\/2024\/04\/a\u00b7emotionallight-the-light-that-thrills-4-1100x852.jpg 1100w, https:\/\/www.a-emotionallight.com\/wp-content\/uploads\/2024\/04\/a\u00b7emotionallight-the-light-that-thrills-4-300x232.jpg 300w\" sizes=\"(max-width: 1024px) 100vw, 1024px\" \/><br style=\"font-weight: 400;\" \/><br style=\"font-weight: 400;\" \/><\/p>\n<\/section>","protected":false},"excerpt":{"rendered":"<p>[vc_row row_type=\u00bbrow\u00bb use_row_as_full_screen_section=\u00bbno\u00bb type=\u00bbfull_width\u00bb text_align=\u00bbleft\u00bb background_animation=\u00bbnone\u00bb css_animation=\u00bb\u00bb][vc_column][vc_column_text] Una luz que juega con el esp\u00edritu y busca despertar un lenguaje sensorial en aquellas personas y espacios con los que interact\u00faa. Una luz que aspira a trascender el plano f\u00edsico para, mediante las emociones, manifestar una filosof\u00eda arraigada en nuestros valores fundamentales. [vc_empty_space height=\u00bb40px\u00bb]<\/p>\n","protected":false},"author":2,"featured_media":55102,"comment_status":"open","ping_status":"open","sticky":false,"template":"","format":"standard","meta":{"inline_featured_image":false,"footnotes":""},"categories":[68,13],"tags":[199],"aioseo_notices":[],"_links":{"self":[{"href":"https:\/\/www.a-emotionallight.com\/es\/wp-json\/wp\/v2\/posts\/54951"}],"collection":[{"href":"https:\/\/www.a-emotionallight.com\/es\/wp-json\/wp\/v2\/posts"}],"about":[{"href":"https:\/\/www.a-emotionallight.com\/es\/wp-json\/wp\/v2\/types\/post"}],"author":[{"embeddable":true,"href":"https:\/\/www.a-emotionallight.com\/es\/wp-json\/wp\/v2\/users\/2"}],"replies":[{"embeddable":true,"href":"https:\/\/www.a-emotionallight.com\/es\/wp-json\/wp\/v2\/comments?post=54951"}],"version-history":[{"count":16,"href":"https:\/\/www.a-emotionallight.com\/es\/wp-json\/wp\/v2\/posts\/54951\/revisions"}],"predecessor-version":[{"id":55104,"href":"https:\/\/www.a-emotionallight.com\/es\/wp-json\/wp\/v2\/posts\/54951\/revisions\/55104"}],"wp:featuredmedia":[{"embeddable":true,"href":"https:\/\/www.a-emotionallight.com\/es\/wp-json\/wp\/v2\/media\/55102"}],"wp:attachment":[{"href":"https:\/\/www.a-emotionallight.com\/es\/wp-json\/wp\/v2\/media?parent=54951"}],"wp:term":[{"taxonomy":"category","embeddable":true,"href":"https:\/\/www.a-emotionallight.com\/es\/wp-json\/wp\/v2\/categories?post=54951"},{"taxonomy":"post_tag","embeddable":true,"href":"https:\/\/www.a-emotionallight.com\/es\/wp-json\/wp\/v2\/tags?post=54951"}],"curies":[{"name":"wp","href":"https:\/\/api.w.org\/{rel}","templated":true}]}}