{"id":56459,"date":"2024-07-02T12:15:58","date_gmt":"2024-07-02T12:15:58","guid":{"rendered":"https:\/\/www.a-emotionallight.com\/?p=56459"},"modified":"2024-07-02T12:15:59","modified_gmt":"2024-07-02T12:15:59","slug":"au-revoir-lyon","status":"publish","type":"post","link":"https:\/\/www.a-emotionallight.com\/es\/au-revoir-lyon\/","title":{"rendered":"Au revoir, Lyon!"},"content":{"rendered":"<section class=\"wpb-content-wrapper\"><p>[vc_row row_type=\u00bbrow\u00bb use_row_as_full_screen_section=\u00bbno\u00bb type=\u00bbfull_width\u00bb text_align=\u00bbleft\u00bb background_animation=\u00bbnone\u00bb css_animation=\u00bb\u00bb][vc_column][vc_column_text]<\/p>\n<p><span style=\"font-weight: 400;\">Nos despedimos de ARCHITECT@WORK Lyon tras dos d\u00edas ajetreados en Francia. \u00a1Ha sido un aut\u00e9ntico placer!<\/span><\/p>\n<p><span style=\"font-weight: 400;\">[vc_empty_space height=\u00bb40px\u00bb]<\/span><\/p>\n<p><!--more--><span style=\"font-weight: 400;\">Queremos agradecer de todo coraz\u00f3n a todos los que nos acompa\u00f1aron y visitaron nuestro stand en Lyon. Estamos encantados de haber podido mostrar nuestros \u00faltimos dise\u00f1os y proyectos, ofreciendo una pincelada de nuestra trayectoria este 2024. Os invitamos a explorar nuestro reciente <a href=\"https:\/\/www.a-emotionallight.com\/es\/catalogo\/\">cat\u00e1logo de novedades 2024<\/a>, donde encontrar\u00e9is todas las ampliaciones de nuestras colecciones y las novedades de a\u00b7emotional light.[\/vc_column_text][vc_empty_space height=\u00bb40px\u00bb]<\/span><\/p>\n<p><span style=\"font-weight: 400;\"><strong><img loading=\"lazy\" decoding=\"async\" class=\"alignnone size-medium wp-image-56461\" src=\"https:\/\/www.a-emotionallight.com\/wp-content\/uploads\/2024\/07\/aemotional-light-architect-at-work--819x1024.jpg\" alt=\"\" width=\"819\" height=\"1024\" srcset=\"https:\/\/www.a-emotionallight.com\/wp-content\/uploads\/2024\/07\/aemotional-light-architect-at-work--819x1024.jpg 819w, https:\/\/www.a-emotionallight.com\/wp-content\/uploads\/2024\/07\/aemotional-light-architect-at-work--700x875.jpg 700w, https:\/\/www.a-emotionallight.com\/wp-content\/uploads\/2024\/07\/aemotional-light-architect-at-work--300x375.jpg 300w, https:\/\/www.a-emotionallight.com\/wp-content\/uploads\/2024\/07\/aemotional-light-architect-at-work-.jpg 1080w\" sizes=\"(max-width: 819px) 100vw, 819px\" \/>[vc_empty_space height=\u00bb40px\u00bb]<\/strong><\/span><\/p>\n<p><span style=\"font-weight: 400;\">Al reflexionar sobre las conexiones establecidas y las ideas compartidas en ARCHITECT@WORK Lyon, nos sentimos llenos de energ\u00eda y motivaci\u00f3n para seguir explorando nuevos horizontes en el mundo de la iluminaci\u00f3n contempor\u00e1nea.<\/span> <span style=\"font-weight: 400;\">[vc_empty_space height=\u00bb40px\u00bb]<\/span><\/p>\n<p><span style=\"font-weight: 400;\">Aunque nos despedimos de ARCHITECT@WORK Lyon, ya estamos inmersos en la preparaci\u00f3n de nuestra pr\u00f3xima aventura. Estad atentos a nuestras novedades y esperamos veros muy pronto.<\/span><\/p>\n<p><span style=\"font-weight: 400;\">[vc_empty_space height=\u00bb40px\u00bb]<\/span><\/p>\n<p><img loading=\"lazy\" decoding=\"async\" class=\"alignnone size-medium wp-image-56463\" src=\"https:\/\/www.a-emotionallight.com\/wp-content\/uploads\/2024\/07\/aemotional-light-architect-at-work-2-819x1024.jpg\" alt=\"\" width=\"819\" height=\"1024\" srcset=\"https:\/\/www.a-emotionallight.com\/wp-content\/uploads\/2024\/07\/aemotional-light-architect-at-work-2-819x1024.jpg 819w, https:\/\/www.a-emotionallight.com\/wp-content\/uploads\/2024\/07\/aemotional-light-architect-at-work-2-700x875.jpg 700w, https:\/\/www.a-emotionallight.com\/wp-content\/uploads\/2024\/07\/aemotional-light-architect-at-work-2-300x375.jpg 300w, https:\/\/www.a-emotionallight.com\/wp-content\/uploads\/2024\/07\/aemotional-light-architect-at-work-2.jpg 1080w\" sizes=\"(max-width: 819px) 100vw, 819px\" \/><br style=\"font-weight: 400;\" \/><br style=\"font-weight: 400;\" \/><\/p>\n<\/section>","protected":false},"excerpt":{"rendered":"<p>[vc_row row_type=\u00bbrow\u00bb use_row_as_full_screen_section=\u00bbno\u00bb type=\u00bbfull_width\u00bb text_align=\u00bbleft\u00bb background_animation=\u00bbnone\u00bb css_animation=\u00bb\u00bb][vc_column][vc_column_text] Nos despedimos de ARCHITECT@WORK Lyon tras dos d\u00edas ajetreados en Francia. \u00a1Ha sido un aut\u00e9ntico placer! [vc_empty_space height=\u00bb40px\u00bb]<\/p>\n","protected":false},"author":2,"featured_media":56472,"comment_status":"open","ping_status":"open","sticky":false,"template":"","format":"standard","meta":{"inline_featured_image":false,"footnotes":""},"categories":[13],"tags":[201],"aioseo_notices":[],"_links":{"self":[{"href":"https:\/\/www.a-emotionallight.com\/es\/wp-json\/wp\/v2\/posts\/56459"}],"collection":[{"href":"https:\/\/www.a-emotionallight.com\/es\/wp-json\/wp\/v2\/posts"}],"about":[{"href":"https:\/\/www.a-emotionallight.com\/es\/wp-json\/wp\/v2\/types\/post"}],"author":[{"embeddable":true,"href":"https:\/\/www.a-emotionallight.com\/es\/wp-json\/wp\/v2\/users\/2"}],"replies":[{"embeddable":true,"href":"https:\/\/www.a-emotionallight.com\/es\/wp-json\/wp\/v2\/comments?post=56459"}],"version-history":[{"count":6,"href":"https:\/\/www.a-emotionallight.com\/es\/wp-json\/wp\/v2\/posts\/56459\/revisions"}],"predecessor-version":[{"id":56475,"href":"https:\/\/www.a-emotionallight.com\/es\/wp-json\/wp\/v2\/posts\/56459\/revisions\/56475"}],"wp:featuredmedia":[{"embeddable":true,"href":"https:\/\/www.a-emotionallight.com\/es\/wp-json\/wp\/v2\/media\/56472"}],"wp:attachment":[{"href":"https:\/\/www.a-emotionallight.com\/es\/wp-json\/wp\/v2\/media?parent=56459"}],"wp:term":[{"taxonomy":"category","embeddable":true,"href":"https:\/\/www.a-emotionallight.com\/es\/wp-json\/wp\/v2\/categories?post=56459"},{"taxonomy":"post_tag","embeddable":true,"href":"https:\/\/www.a-emotionallight.com\/es\/wp-json\/wp\/v2\/tags?post=56459"}],"curies":[{"name":"wp","href":"https:\/\/api.w.org\/{rel}","templated":true}]}}