{"id":57665,"date":"2024-09-18T10:48:38","date_gmt":"2024-09-18T10:48:38","guid":{"rendered":"https:\/\/www.a-emotionallight.com\/?p=57665"},"modified":"2024-09-18T10:52:44","modified_gmt":"2024-09-18T10:52:44","slug":"el-gesto-la-esencia-de-la-creacion-artistica-de-a%c2%b7emotional-light","status":"publish","type":"post","link":"https:\/\/www.a-emotionallight.com\/es\/el-gesto-la-esencia-de-la-creacion-artistica-de-a%c2%b7emotional-light\/","title":{"rendered":"El gesto: la esencia de la creaci\u00f3n art\u00edstica de a\u00b7emotional light"},"content":{"rendered":"<section class=\"wpb-content-wrapper\"><p>[vc_row row_type=\u00bbrow\u00bb use_row_as_full_screen_section=\u00bbno\u00bb type=\u00bbfull_width\u00bb text_align=\u00bbleft\u00bb background_animation=\u00bbnone\u00bb css_animation=\u00bb\u00bb][vc_column][vc_column_text]<\/p>\n<p><span style=\"font-weight: 400;\">Un haz de luz cruza el espacio, capturando mil millares de an\u00e1rquicas part\u00edculas de polvo en una pose est\u00e1tica, atrapadas en el poderoso desempe\u00f1o de una l\u00e1mpara. Una creaci\u00f3n en la que se percibe una traza, una herencia, la l\u00ednea her\u00e1ldica de un gesto que muta, desde un l\u00e1piz en fren\u00e9tico movimiento hasta la mano experta que domina un material en su lucha por la creaci\u00f3n art\u00edstica.<\/span> <span style=\"font-weight: 400;\">[vc_empty_space height=\u00bb20px\u00bb]<\/span><\/p>\n<p><!--more--><\/p>\n<p><span style=\"font-weight: 400;\">En <strong>a\u00b7emotional light<\/strong>, el gesto es la esencia que define cada una de nuestras creaciones. Una acci\u00f3n, una declaraci\u00f3n de intenciones que marca el primer trazo del dise\u00f1ador y la \u00faltima caricia del artesano sobre el material. El gesto es el hilo conductor que da forma a nuestras l\u00e1mparas; un proceso en el que la intuici\u00f3n y la t\u00e9cnica se unen para crear piezas que van m\u00e1s all\u00e1 de lo decorativo, convirti\u00e9ndose en objetos que irradian alma y car\u00e1cter. <\/span><span style=\"font-weight: 400;\">[vc_empty_space height=\u00bb40px\u00bb]<\/span><\/p>\n<p><span style=\"font-weight: 400;\"><img loading=\"lazy\" decoding=\"async\" class=\"alignnone size-medium wp-image-57667\" src=\"https:\/\/www.a-emotionallight.com\/wp-content\/uploads\/2024\/09\/aemotionallight-the-gesture-1-819x1024.jpg\" alt=\"\" width=\"819\" height=\"1024\" srcset=\"https:\/\/www.a-emotionallight.com\/wp-content\/uploads\/2024\/09\/aemotionallight-the-gesture-1-819x1024.jpg 819w, https:\/\/www.a-emotionallight.com\/wp-content\/uploads\/2024\/09\/aemotionallight-the-gesture-1-700x875.jpg 700w, https:\/\/www.a-emotionallight.com\/wp-content\/uploads\/2024\/09\/aemotionallight-the-gesture-1-300x375.jpg 300w, https:\/\/www.a-emotionallight.com\/wp-content\/uploads\/2024\/09\/aemotionallight-the-gesture-1.jpg 1080w\" sizes=\"(max-width: 819px) 100vw, 819px\" \/>[vc_empty_space height=\u00bb10px\u00bb] Ph. Human + Space [vc_empty_space height=\u00bb40px\u00bb]<\/span><\/p>\n<p><b>El gesto como expresi\u00f3n de creatividad y emoci\u00f3n <\/b><b><\/b><span style=\"font-weight: 400;\">[vc_empty_space height=\u00bb40px\u00bb]<\/span><\/p>\n<p><span style=\"font-weight: 400;\">Tras instalar su escultura \u201cEl pueblo espa\u00f1ol tiene un camino que conduce a una estrella\u201d para la Exposici\u00f3n Internacional de Par\u00eds de 1937, Alberto S\u00e1nchez decidi\u00f3 permanecer en Par\u00eds hasta concluir su montaje completo, ocup\u00e1ndose de manera espec\u00edfica de la exposici\u00f3n de la pieza. La preocupaci\u00f3n por la puesta en valor se hizo evidente en sus modos de entender y hacer la obra, pero sobre todo en su actitud frente a la vida. Una visi\u00f3n ampliada en la que se buscan otros gestos, otros gui\u00f1os que vinculan a Alberto que, como un operario m\u00e1s, construye los dispositivos del pabell\u00f3n en Par\u00eds, desvelando que el gesto anida tanto en la obra como en el artista. <\/span><span class=\"Apple-converted-space\"><span style=\"font-weight: 400;\">[vc_empty_space height=\u00bb40px\u00bb]<\/span><\/span><\/p>\n<p><span style=\"font-weight: 400;\"><img loading=\"lazy\" decoding=\"async\" class=\"alignnone size-medium wp-image-57669\" src=\"https:\/\/www.a-emotionallight.com\/wp-content\/uploads\/2024\/09\/aemotionallight-the-gesture-2-819x1024.jpg\" alt=\"\" width=\"819\" height=\"1024\" srcset=\"https:\/\/www.a-emotionallight.com\/wp-content\/uploads\/2024\/09\/aemotionallight-the-gesture-2-819x1024.jpg 819w, https:\/\/www.a-emotionallight.com\/wp-content\/uploads\/2024\/09\/aemotionallight-the-gesture-2-700x875.jpg 700w, https:\/\/www.a-emotionallight.com\/wp-content\/uploads\/2024\/09\/aemotionallight-the-gesture-2-300x375.jpg 300w, https:\/\/www.a-emotionallight.com\/wp-content\/uploads\/2024\/09\/aemotionallight-the-gesture-2.jpg 1080w\" sizes=\"(max-width: 819px) 100vw, 819px\" \/><span style=\"font-size: revert;\">[vc_empty_space height=\u00bb10px\u00bb] Proceso de dise\u00f1o de la <\/span><a style=\"font-size: revert;\" href=\"https:\/\/www.a-emotionallight.com\/es\/coleccion-cabana\/\">Colecci\u00f3n Cabana<\/a><span style=\"font-size: revert;\">\u00a0[vc_empty_space height=\u00bb20px\u00bb]<\/span><\/span><\/p>\n<p><span style=\"font-weight: 400;\">El gesto en a\u00b7emotional light trasciende la acci\u00f3n para convertirse en un manifiesto art\u00edstico, en el que cada movimiento tiene un prop\u00f3sito. El gesto del dise\u00f1ador, de <\/span><a href=\"https:\/\/www.a-emotionallight.com\/es\/isaac-pineiro\/\"><b>Isaac Pi\u00f1eiro<\/b><\/a><span style=\"font-weight: 400;\">, de <\/span><a href=\"https:\/\/www.a-emotionallight.com\/es\/hector-serrano\/\"><b>H\u00e9ctor Serrano<\/b><\/a><span style=\"font-weight: 400;\"> o del estudio <\/span><a href=\"https:\/\/www.a-emotionallight.com\/es\/cenlitrosmetrocadrado\/\"><b>Cenlitros<\/b><\/a><span style=\"font-weight: 400;\">, entre otros, es el primer acto de creaci\u00f3n. Es el momento en que una idea abstracta se convierte en un dise\u00f1o tangible. Unos trazos iniciales que devienen expresiones de creatividad y emoci\u00f3n, l\u00edneas que contienen la energ\u00eda y el prop\u00f3sito de su creador. El gesto, en este sentido, es un lenguaje propio, una forma de comunicaci\u00f3n no verbal que transmite la esencia del dise\u00f1o. En cada curva, en cada l\u00ednea, hay una intenci\u00f3n, una decisi\u00f3n que refleja el estilo y la personalidad del dise\u00f1ador. Al igual que en la pintura gestual, donde el trazo del pincel no es solo un medio para crear una imagen, sino una huella del movimiento y la emoci\u00f3n del artista, en a\u00b7emotional light, cada dise\u00f1o es una captura del momento creativo, un reflejo de la pasi\u00f3n y la visi\u00f3n del dise\u00f1ador. <\/span><span style=\"font-weight: 400;\"><span class=\"Apple-converted-space\">[vc_empty_space height=\u00bb40px\u00bb]<\/span><\/span><\/p>\n<p><span style=\"font-weight: 400;\"><img loading=\"lazy\" decoding=\"async\" class=\"alignnone size-medium wp-image-57673\" src=\"https:\/\/www.a-emotionallight.com\/wp-content\/uploads\/2024\/09\/aemotionallight-the-gesture-4-819x1024.jpg\" alt=\"\" width=\"819\" height=\"1024\" srcset=\"https:\/\/www.a-emotionallight.com\/wp-content\/uploads\/2024\/09\/aemotionallight-the-gesture-4-819x1024.jpg 819w, https:\/\/www.a-emotionallight.com\/wp-content\/uploads\/2024\/09\/aemotionallight-the-gesture-4-700x875.jpg 700w, https:\/\/www.a-emotionallight.com\/wp-content\/uploads\/2024\/09\/aemotionallight-the-gesture-4-300x375.jpg 300w, https:\/\/www.a-emotionallight.com\/wp-content\/uploads\/2024\/09\/aemotionallight-the-gesture-4.jpg 1080w\" sizes=\"(max-width: 819px) 100vw, 819px\" \/>[vc_empty_space height=\u00bb40px\u00bb]<\/span><\/p>\n<p><!--more--><\/p>\n<p><span style=\"font-weight: 400;\">Una vez que el dise\u00f1o ha sido concebido, el gesto pasa a las manos del artesano, quien, como Alberto S\u00e1nchez en Par\u00eds, da forma a la idea inicial con materiales como la malla, el vidrio o la piedra. Aqu\u00ed, el gesto se convierte en un acto f\u00edsico, una interacci\u00f3n \u00edntima entre el creador y la materia, creando un di\u00e1logo entre la intenci\u00f3n del creador y las propiedades intr\u00ednsecas del material. [vc_empty_space height=\u00bb40px\u00bb]<\/span><\/p>\n<p><span style=\"font-weight: 400;\"><img loading=\"lazy\" decoding=\"async\" class=\"alignnone size-medium wp-image-57671\" src=\"https:\/\/www.a-emotionallight.com\/wp-content\/uploads\/2024\/09\/aemotionallight-the-gesture-3-819x1024.jpg\" alt=\"\" width=\"819\" height=\"1024\" srcset=\"https:\/\/www.a-emotionallight.com\/wp-content\/uploads\/2024\/09\/aemotionallight-the-gesture-3-819x1024.jpg 819w, https:\/\/www.a-emotionallight.com\/wp-content\/uploads\/2024\/09\/aemotionallight-the-gesture-3-700x875.jpg 700w, https:\/\/www.a-emotionallight.com\/wp-content\/uploads\/2024\/09\/aemotionallight-the-gesture-3-300x375.jpg 300w, https:\/\/www.a-emotionallight.com\/wp-content\/uploads\/2024\/09\/aemotionallight-the-gesture-3.jpg 1080w\" sizes=\"(max-width: 819px) 100vw, 819px\" \/>[vc_empty_space height=\u00bb10px\u00bb] <a href=\"https:\/\/www.a-emotionallight.com\/es\/coleccion-parga\/\">Colecci\u00f3n Parga<\/a> [vc_empty_space height=\u00bb40px\u00bb]<\/span><\/p>\n<p><b>La autenticidad del trazo <\/b><span style=\"font-weight: 400;\">[vc_empty_space height=\u00bb40px\u00bb]<\/span><\/p>\n<p><span style=\"font-weight: 400;\">El valor del gesto en a\u00b7emotional light reside en su autenticidad, que convierte nuestras l\u00e1mparas en piezas \u00fanicas y especiales. El gesto del dise\u00f1ador y del artesano se convierten en una firma, garantizando que cada pieza tiene una historia y un car\u00e1cter propios. Por ese motivo, nuestras l\u00e1mparas trascienden la mera funcionalidad, resultado de un proceso creativo que respeta la tradici\u00f3n y celebra la innovaci\u00f3n. Desde Galicia, donde nacen nuestras ideas, las l\u00e1mparas de a\u00b7emotional light reflejan la magia de los gestos que las han creado, uniendo la idea y la materia. <b> <\/b>[vc_empty_space height=\u00bb40px\u00bb]<\/span><\/p>\n<p><img loading=\"lazy\" decoding=\"async\" class=\"alignnone size-medium wp-image-57679\" src=\"https:\/\/www.a-emotionallight.com\/wp-content\/uploads\/2024\/09\/aemotionallight-the-gesture-5-819x1024.jpg\" alt=\"\" width=\"819\" height=\"1024\" srcset=\"https:\/\/www.a-emotionallight.com\/wp-content\/uploads\/2024\/09\/aemotionallight-the-gesture-5-819x1024.jpg 819w, https:\/\/www.a-emotionallight.com\/wp-content\/uploads\/2024\/09\/aemotionallight-the-gesture-5-700x875.jpg 700w, https:\/\/www.a-emotionallight.com\/wp-content\/uploads\/2024\/09\/aemotionallight-the-gesture-5-300x375.jpg 300w, https:\/\/www.a-emotionallight.com\/wp-content\/uploads\/2024\/09\/aemotionallight-the-gesture-5.jpg 1080w\" sizes=\"(max-width: 819px) 100vw, 819px\" \/><\/p>\n<p><span style=\"font-weight: 400;\">[vc_empty_space height=\u00bb10px\u00bb] <a href=\"https:\/\/www.a-emotionallight.com\/es\/coleccion-tempo\/\">Colecci\u00f3n Tempo<\/a> [vc_empty_space height=\u00bb40px\u00bb]<\/span><\/p>\n<\/section>","protected":false},"excerpt":{"rendered":"<p>[vc_row row_type=\u00bbrow\u00bb use_row_as_full_screen_section=\u00bbno\u00bb type=\u00bbfull_width\u00bb text_align=\u00bbleft\u00bb background_animation=\u00bbnone\u00bb css_animation=\u00bb\u00bb][vc_column][vc_column_text] Un haz de luz cruza el espacio, capturando mil millares de an\u00e1rquicas part\u00edculas de polvo en una pose est\u00e1tica, atrapadas en el poderoso desempe\u00f1o de una l\u00e1mpara. Una creaci\u00f3n en la que se percibe una traza, una herencia, la l\u00ednea her\u00e1ldica de un gesto que muta, desde un l\u00e1piz en fren\u00e9tico movimiento hasta la mano experta que domina un material en su lucha por la creaci\u00f3n art\u00edstica. [vc_empty_space height=\u00bb20px\u00bb]<\/p>\n","protected":false},"author":2,"featured_media":57667,"comment_status":"open","ping_status":"open","sticky":false,"template":"","format":"standard","meta":{"inline_featured_image":false,"footnotes":""},"categories":[13],"tags":[213,206,212,199],"aioseo_notices":[],"_links":{"self":[{"href":"https:\/\/www.a-emotionallight.com\/es\/wp-json\/wp\/v2\/posts\/57665"}],"collection":[{"href":"https:\/\/www.a-emotionallight.com\/es\/wp-json\/wp\/v2\/posts"}],"about":[{"href":"https:\/\/www.a-emotionallight.com\/es\/wp-json\/wp\/v2\/types\/post"}],"author":[{"embeddable":true,"href":"https:\/\/www.a-emotionallight.com\/es\/wp-json\/wp\/v2\/users\/2"}],"replies":[{"embeddable":true,"href":"https:\/\/www.a-emotionallight.com\/es\/wp-json\/wp\/v2\/comments?post=57665"}],"version-history":[{"count":4,"href":"https:\/\/www.a-emotionallight.com\/es\/wp-json\/wp\/v2\/posts\/57665\/revisions"}],"predecessor-version":[{"id":57689,"href":"https:\/\/www.a-emotionallight.com\/es\/wp-json\/wp\/v2\/posts\/57665\/revisions\/57689"}],"wp:featuredmedia":[{"embeddable":true,"href":"https:\/\/www.a-emotionallight.com\/es\/wp-json\/wp\/v2\/media\/57667"}],"wp:attachment":[{"href":"https:\/\/www.a-emotionallight.com\/es\/wp-json\/wp\/v2\/media?parent=57665"}],"wp:term":[{"taxonomy":"category","embeddable":true,"href":"https:\/\/www.a-emotionallight.com\/es\/wp-json\/wp\/v2\/categories?post=57665"},{"taxonomy":"post_tag","embeddable":true,"href":"https:\/\/www.a-emotionallight.com\/es\/wp-json\/wp\/v2\/tags?post=57665"}],"curies":[{"name":"wp","href":"https:\/\/api.w.org\/{rel}","templated":true}]}}