{"id":58360,"date":"2025-02-14T18:05:31","date_gmt":"2025-02-14T18:05:31","guid":{"rendered":"https:\/\/www.a-emotionallight.com\/?p=58360"},"modified":"2025-02-14T18:07:13","modified_gmt":"2025-02-14T18:07:13","slug":"a%c2%b7emotional-light-y-novolux-alianza-de-tecnologia-diseno-e-iluminacion-emocional","status":"publish","type":"post","link":"https:\/\/www.a-emotionallight.com\/es\/a%c2%b7emotional-light-y-novolux-alianza-de-tecnologia-diseno-e-iluminacion-emocional\/","title":{"rendered":"a\u00b7emotional light y Novolux, alianza de tecnolog\u00eda, dise\u00f1o e iluminaci\u00f3n emocional."},"content":{"rendered":"<section class=\"wpb-content-wrapper\">\r\n<p>[vc_row row_type=\u00bbrow\u00bb use_row_as_full_screen_section=\u00bbno\u00bb type=\u00bbfull_width\u00bb text_align=\u00bbleft\u00bb background_animation=\u00bbnone\u00bb css_animation=\u00bb\u00bb][vc_column][vc_column_text]<\/p>\r\n\r\n\r\n\r\n<p><strong>a\u00b7emotional light<\/strong> y <strong>Novolux Lighting <\/strong>comparten la visi\u00f3n de una iluminaci\u00f3n innovadora, transformadora y profundamente conectada con las emociones humanas mediante de la creaci\u00f3n de experiencias emocionales a trav\u00e9s de la luz . [vc_empty_space height=\u00bb10px\u00bb]<\/p>\r\n\r\n\r\n\r\n<p><!--more--><\/p>\r\n\r\n\r\n\r\n<p>Nos complace anunciar una alianza estrat\u00e9gica entre a\u00b7emotional light y Novolux Lighting, dos empresas que comparten una misma visi\u00f3n: transformar la luz mediante un lenguaje capaz de conectar a las personas con los espacios que habitan. Ambas marcas han firmado un acuerdo t\u00e9cnico-comercial estrat\u00e9gico sobre el que construir una colaboraci\u00f3n que tiene como objetivo potenciar la tecnolog\u00eda, la innovaci\u00f3n, el dise\u00f1o y la comercializaci\u00f3n conjunta de productos que redefinan la forma en que las personas experimentan la iluminaci\u00f3n. [vc_empty_space height=\u00bb30px\u00bb]<\/p>\r\n\r\n\r\n\r\n<figure class=\"wp-block-image size-large is-resized\"><img loading=\"lazy\" decoding=\"async\" width=\"638\" height=\"1024\" class=\"wp-image-58326\" style=\"width: 840px; height: auto;\" src=\"https:\/\/www.a-emotionallight.com\/wp-content\/uploads\/2025\/02\/image-638x1024.png\" alt=\"\" srcset=\"https:\/\/www.a-emotionallight.com\/wp-content\/uploads\/2025\/02\/image-638x1024.png 638w, https:\/\/www.a-emotionallight.com\/wp-content\/uploads\/2025\/02\/image-300x482.png 300w, https:\/\/www.a-emotionallight.com\/wp-content\/uploads\/2025\/02\/image.png 700w\" sizes=\"(max-width: 638px) 100vw, 638px\" \/><\/figure>\r\n\r\n\r\n\r\n<p>La alianza entre estas dos empresas representa la uni\u00f3n de experiencia, vanguardia y creatividad. Por un lado, Novolux aporta d\u00e9cadas de conocimiento en producci\u00f3n y distribuci\u00f3n de soluciones de iluminaci\u00f3n a nivel global; por otro lado, a\u00b7emotional light contribuye con un enfoque \u00fanico en materia de personalizaci\u00f3n y de dise\u00f1o emocional de la luz.\u00a0[vc_empty_space height=\u00bb40px\u00bb]<\/p>\r\n\r\n\r\n\r\n<figure class=\"wp-block-image size-large is-resized\"><img loading=\"lazy\" decoding=\"async\" width=\"682\" height=\"1024\" class=\"wp-image-58328\" style=\"width: 840px; height: auto;\" src=\"https:\/\/www.a-emotionallight.com\/wp-content\/uploads\/2025\/02\/thumbnail_PARGA_BLACK-PA_304-1-682x1024.jpg\" alt=\"\" srcset=\"https:\/\/www.a-emotionallight.com\/wp-content\/uploads\/2025\/02\/thumbnail_PARGA_BLACK-PA_304-1-682x1024.jpg 682w, https:\/\/www.a-emotionallight.com\/wp-content\/uploads\/2025\/02\/thumbnail_PARGA_BLACK-PA_304-1-1023x1536.jpg 1023w, https:\/\/www.a-emotionallight.com\/wp-content\/uploads\/2025\/02\/thumbnail_PARGA_BLACK-PA_304-1-1364x2048.jpg 1364w, https:\/\/www.a-emotionallight.com\/wp-content\/uploads\/2025\/02\/thumbnail_PARGA_BLACK-PA_304-1-700x1051.jpg 700w, https:\/\/www.a-emotionallight.com\/wp-content\/uploads\/2025\/02\/thumbnail_PARGA_BLACK-PA_304-1-1100x1652.jpg 1100w, https:\/\/www.a-emotionallight.com\/wp-content\/uploads\/2025\/02\/thumbnail_PARGA_BLACK-PA_304-1-300x450.jpg 300w, https:\/\/www.a-emotionallight.com\/wp-content\/uploads\/2025\/02\/thumbnail_PARGA_BLACK-PA_304-1-scaled.jpg 1705w\" sizes=\"(max-width: 682px) 100vw, 682px\" \/><\/figure>\r\n\r\n\r\n\r\n<p>\u201cEste acuerdo con Novolux nos permite combinar lo mejor de nuestras fortalezas: su trayectoria y experiencia en la industria de la iluminaci\u00f3n con nuestra visi\u00f3n innovadora de dise\u00f1ar experiencias emocionales a trav\u00e9s de la luz,\u201d se\u00f1ala Marcos Rioseco, Director General de a\u00b7emotional light. Por su parte, Alex Morales, Director General de Novolux, comenta: \u201cLa alianza con a\u00b7emotional light representa un paso adelante en nuestra misi\u00f3n de ofrecer soluciones diferenciadas y de alta calidad. Compartimos la visi\u00f3n de una iluminaci\u00f3n que no solo sea funcional, sino tambi\u00e9n transformadora, sostenible y profundamente conectada con las emociones humanas\u00bb.\u00a0[vc_empty_space height=\u00bb40px\u00bb]<\/p>\r\n\r\n\r\n\r\n<figure class=\"wp-block-image size-large is-resized\"><img loading=\"lazy\" decoding=\"async\" width=\"638\" height=\"1024\" class=\"wp-image-58335\" style=\"width: 840px; height: auto;\" src=\"https:\/\/www.a-emotionallight.com\/wp-content\/uploads\/2025\/02\/image-3-638x1024.png\" alt=\"\" srcset=\"https:\/\/www.a-emotionallight.com\/wp-content\/uploads\/2025\/02\/image-3-638x1024.png 638w, https:\/\/www.a-emotionallight.com\/wp-content\/uploads\/2025\/02\/image-3-300x482.png 300w, https:\/\/www.a-emotionallight.com\/wp-content\/uploads\/2025\/02\/image-3.png 700w\" sizes=\"(max-width: 638px) 100vw, 638px\" \/><\/figure>\r\n\r\n\r\n\r\n<p>Esta alianza marca el inicio de una nueva etapa, en la que la tecnolog\u00eda y el dise\u00f1o emocional se unen para redefinir c\u00f3mo percibimos y sentimos los espacios. Estamos convencidos de que, juntos, llevaremos al mercado global soluciones que inspiren, conecten y trasciendan.\u00a0[vc_empty_space height=\u00bb40px\u00bb]<\/p>\r\n<\/section>","protected":false},"excerpt":{"rendered":"<p>[vc_row row_type=\u00bbrow\u00bb use_row_as_full_screen_section=\u00bbno\u00bb type=\u00bbfull_width\u00bb text_align=\u00bbleft\u00bb background_animation=\u00bbnone\u00bb css_animation=\u00bb\u00bb][vc_column][vc_column_text] a\u00b7emotional light y Novolux Lighting comparten la visi\u00f3n de una iluminaci\u00f3n innovadora, transformadora y profundamente conectada con las emociones humanas mediante de la creaci\u00f3n de experiencias emocionales a trav\u00e9s de la luz . [vc_empty_space height=\u00bb10px\u00bb]<\/p>\n","protected":false},"author":2,"featured_media":58340,"comment_status":"open","ping_status":"open","sticky":false,"template":"","format":"standard","meta":{"inline_featured_image":false,"footnotes":""},"categories":[68],"tags":[],"aioseo_notices":[],"_links":{"self":[{"href":"https:\/\/www.a-emotionallight.com\/es\/wp-json\/wp\/v2\/posts\/58360"}],"collection":[{"href":"https:\/\/www.a-emotionallight.com\/es\/wp-json\/wp\/v2\/posts"}],"about":[{"href":"https:\/\/www.a-emotionallight.com\/es\/wp-json\/wp\/v2\/types\/post"}],"author":[{"embeddable":true,"href":"https:\/\/www.a-emotionallight.com\/es\/wp-json\/wp\/v2\/users\/2"}],"replies":[{"embeddable":true,"href":"https:\/\/www.a-emotionallight.com\/es\/wp-json\/wp\/v2\/comments?post=58360"}],"version-history":[{"count":2,"href":"https:\/\/www.a-emotionallight.com\/es\/wp-json\/wp\/v2\/posts\/58360\/revisions"}],"predecessor-version":[{"id":58364,"href":"https:\/\/www.a-emotionallight.com\/es\/wp-json\/wp\/v2\/posts\/58360\/revisions\/58364"}],"wp:featuredmedia":[{"embeddable":true,"href":"https:\/\/www.a-emotionallight.com\/es\/wp-json\/wp\/v2\/media\/58340"}],"wp:attachment":[{"href":"https:\/\/www.a-emotionallight.com\/es\/wp-json\/wp\/v2\/media?parent=58360"}],"wp:term":[{"taxonomy":"category","embeddable":true,"href":"https:\/\/www.a-emotionallight.com\/es\/wp-json\/wp\/v2\/categories?post=58360"},{"taxonomy":"post_tag","embeddable":true,"href":"https:\/\/www.a-emotionallight.com\/es\/wp-json\/wp\/v2\/tags?post=58360"}],"curies":[{"name":"wp","href":"https:\/\/api.w.org\/{rel}","templated":true}]}}