{"id":58479,"date":"2025-03-04T15:02:34","date_gmt":"2025-03-04T15:02:34","guid":{"rendered":"https:\/\/www.a-emotionallight.com\/?p=58479"},"modified":"2025-03-04T15:04:02","modified_gmt":"2025-03-04T15:04:02","slug":"novedades-de-a%c2%b7emotional-light-parga-en-negro-y-agasallo-de-pie","status":"publish","type":"post","link":"https:\/\/www.a-emotionallight.com\/es\/novedades-de-a%c2%b7emotional-light-parga-en-negro-y-agasallo-de-pie\/","title":{"rendered":"Novedades de a\u00b7emotional light: Parga en negro y Agasallo de pie"},"content":{"rendered":"<section class=\"wpb-content-wrapper\">\n<p>[vc_row row_type=\u00bbrow\u00bb use_row_as_full_screen_section=\u00bbno\u00bb type=\u00bbfull_width\u00bb text_align=\u00bbleft\u00bb background_animation=\u00bbnone\u00bb css_animation=\u00bb\u00bb][vc_column][vc_column_text]<\/p>\n\n\n\n<!--more-->\n\n\n\n<p><strong>Parga en negro: la sofisticaci\u00f3n del granito<\/strong> [vc_empty_space height=\u00bb30px\u00bb]<\/p>\n\n\n\n<p>La <a href=\"https:\/\/www.a-emotionallight.com\/es\/coleccion-parga\/\" title=\"\">colecci\u00f3n Parga<\/a>, dise\u00f1ada por el <a href=\"https:\/\/www.a-emotionallight.com\/es\/cenlitrosmetrocadrado\/\" title=\"\">estudio Cenlitros<\/a>, se caracteriza por la fusi\u00f3n entre artesan\u00eda y materialidad, convirtiendo el granito en un elemento lum\u00ednico de una gran fuerza est\u00e9tica. Inspirada en la esencia mineral de Terra Ch\u00e1, una inmensa llanura gallega donde se extrae la piedra que le da forma, <a href=\"https:\/\/www.a-emotionallight.com\/es\/coleccion-parga\/\" title=\"\">Parga <\/a>ha sido un referente en nuestra apuesta por dise\u00f1os que revalorizan materiales naturales a trav\u00e9s de la luz. [vc_empty_space height=\u00bb30px\u00bb]<\/p>\n\n\n\n<figure class=\"wp-block-image size-large is-resized\"><img loading=\"lazy\" decoding=\"async\" width=\"684\" height=\"1024\" src=\"https:\/\/www.a-emotionallight.com\/wp-content\/uploads\/2025\/03\/2501-a\u00b7emotional-light-LoRes-\u00a9Studio-Aranda-Santos-01-2-684x1024.jpg\" alt=\"\" class=\"wp-image-58504\" style=\"width:840px;height:auto\" srcset=\"https:\/\/www.a-emotionallight.com\/wp-content\/uploads\/2025\/03\/2501-a\u00b7emotional-light-LoRes-\u00a9Studio-Aranda-Santos-01-2-684x1024.jpg 684w, https:\/\/www.a-emotionallight.com\/wp-content\/uploads\/2025\/03\/2501-a\u00b7emotional-light-LoRes-\u00a9Studio-Aranda-Santos-01-2-1027x1536.jpg 1027w, https:\/\/www.a-emotionallight.com\/wp-content\/uploads\/2025\/03\/2501-a\u00b7emotional-light-LoRes-\u00a9Studio-Aranda-Santos-01-2-700x1047.jpg 700w, https:\/\/www.a-emotionallight.com\/wp-content\/uploads\/2025\/03\/2501-a\u00b7emotional-light-LoRes-\u00a9Studio-Aranda-Santos-01-2-300x449.jpg 300w, https:\/\/www.a-emotionallight.com\/wp-content\/uploads\/2025\/03\/2501-a\u00b7emotional-light-LoRes-\u00a9Studio-Aranda-Santos-01-2.jpg 1080w\" sizes=\"(max-width: 684px) 100vw, 684px\" \/><\/figure>\n\n\n\n<p>Ahora, esta ic\u00f3nica colecci\u00f3n incorpora un nuevo acabado en negro que aporta una dimensi\u00f3n a\u00fan m\u00e1s sofisticada y vers\u00e1til. La profundidad del tono potencia el contraste entre la textura del granito y la suavidad de la luz, creando una pieza con una fuerte presencia visual. Este nuevo acabado amplifica su capacidad para integrarse en espacios contempor\u00e1neos que buscan una est\u00e9tica sobria, refinada y llena de car\u00e1cter. <a href=\"https:\/\/www.a-emotionallight.com\/es\/coleccion-parga\/\" title=\"\">Parga<\/a> en negro mantiene la esencia artesanal de la colecci\u00f3n, preservando su autenticidad mientras explora nuevas posibilidades expresivas. [vc_empty_space height=\u00bb30px\u00bb]<\/p>\n\n\n\n<figure class=\"wp-block-image size-large is-resized\"><img loading=\"lazy\" decoding=\"async\" width=\"813\" height=\"1024\" src=\"https:\/\/www.a-emotionallight.com\/wp-content\/uploads\/2025\/03\/2501-a\u00b7emotional-light-LoRes-\u00a9Studio-Aranda-Santos-11-2-813x1024.jpg\" alt=\"\" class=\"wp-image-58502\" style=\"width:840px;height:auto\" srcset=\"https:\/\/www.a-emotionallight.com\/wp-content\/uploads\/2025\/03\/2501-a\u00b7emotional-light-LoRes-\u00a9Studio-Aranda-Santos-11-2-813x1024.jpg 813w, https:\/\/www.a-emotionallight.com\/wp-content\/uploads\/2025\/03\/2501-a\u00b7emotional-light-LoRes-\u00a9Studio-Aranda-Santos-11-2-700x882.jpg 700w, https:\/\/www.a-emotionallight.com\/wp-content\/uploads\/2025\/03\/2501-a\u00b7emotional-light-LoRes-\u00a9Studio-Aranda-Santos-11-2-300x378.jpg 300w, https:\/\/www.a-emotionallight.com\/wp-content\/uploads\/2025\/03\/2501-a\u00b7emotional-light-LoRes-\u00a9Studio-Aranda-Santos-11-2.jpg 1080w\" sizes=\"(max-width: 813px) 100vw, 813px\" \/><\/figure>\n\n\n\n<p><strong>Agasallo de pie: una nueva dimensi\u00f3n lum\u00ednica<\/strong>\u00a0[vc_empty_space height=\u00bb30px\u00bb]<\/p>\n\n\n\n<p>La colecci\u00f3n <a href=\"https:\/\/www.a-emotionallight.com\/es\/coleccion-agasallo\/\" title=\"\">Agasallo<\/a>, dise\u00f1ada por <a href=\"https:\/\/www.a-emotionallight.com\/es\/hector-serrano\/\" title=\"\">H\u00e9ctor Serrano<\/a>, Premio Nacional de Dise\u00f1o 2024, sigue evolucionando con la incorporaci\u00f3n de una nueva versi\u00f3n de pie. <a href=\"https:\/\/www.a-emotionallight.com\/es\/coleccion-agasallo\/\" title=\"\">Agasallo<\/a> mantiene la esencia de la colecci\u00f3n original, basada en la fluidez org\u00e1nica y el equilibrio entre luz y materia, pero ahora con una presencia a\u00fan m\u00e1s enraizada en el espacio.\u00a0[vc_empty_space height=\u00bb30px\u00bb]<\/p>\n\n\n\n<figure class=\"wp-block-image size-large is-resized\"><img loading=\"lazy\" decoding=\"async\" width=\"683\" height=\"1024\" src=\"https:\/\/www.a-emotionallight.com\/wp-content\/uploads\/2025\/03\/2501-a\u00b7emotional-light-LoRes-\u00a9Studio-Aranda-Santos-07-1-683x1024.jpg\" alt=\"\" class=\"wp-image-58508\" style=\"width:840px;height:auto\" srcset=\"https:\/\/www.a-emotionallight.com\/wp-content\/uploads\/2025\/03\/2501-a\u00b7emotional-light-LoRes-\u00a9Studio-Aranda-Santos-07-1-683x1024.jpg 683w, https:\/\/www.a-emotionallight.com\/wp-content\/uploads\/2025\/03\/2501-a\u00b7emotional-light-LoRes-\u00a9Studio-Aranda-Santos-07-1-1024x1536.jpg 1024w, https:\/\/www.a-emotionallight.com\/wp-content\/uploads\/2025\/03\/2501-a\u00b7emotional-light-LoRes-\u00a9Studio-Aranda-Santos-07-1-700x1050.jpg 700w, https:\/\/www.a-emotionallight.com\/wp-content\/uploads\/2025\/03\/2501-a\u00b7emotional-light-LoRes-\u00a9Studio-Aranda-Santos-07-1-300x450.jpg 300w, https:\/\/www.a-emotionallight.com\/wp-content\/uploads\/2025\/03\/2501-a\u00b7emotional-light-LoRes-\u00a9Studio-Aranda-Santos-07-1.jpg 1080w\" sizes=\"(max-width: 683px) 100vw, 683px\" \/><\/figure>\n\n\n\n<p>Con esta versi\u00f3n, la iluminaci\u00f3n se vuelve m\u00e1s pr\u00f3xima, generando un di\u00e1logo entre la luz y el entorno que transforma la percepci\u00f3n del espacio. Su volumen potenciado y su capacidad para generar composiciones lum\u00ednicas \u00fanicas convierten a <a href=\"https:\/\/www.a-emotionallight.com\/es\/coleccion-agasallo\/\" title=\"\">Agasallo<\/a> en una pieza de gran expresividad. Su dise\u00f1o vers\u00e1til permite su integraci\u00f3n tanto en ambientes dom\u00e9sticos como en proyectos hospitality, donde su equilibrio entre funcionalidad y est\u00e9tica refuerza la atm\u00f3sfera y el car\u00e1cter del lugar.\u00a0[vc_empty_space height=\u00bb30px\u00bb]<\/p>\n\n\n\n<figure class=\"wp-block-image size-large is-resized\"><img loading=\"lazy\" decoding=\"async\" width=\"682\" height=\"1024\" src=\"https:\/\/www.a-emotionallight.com\/wp-content\/uploads\/2025\/03\/2501-a\u00b7emotional-light-LoRes-\u00a9Studio-Aranda-Santos-10-2-682x1024.jpg\" alt=\"\" class=\"wp-image-58506\" style=\"width:840px;height:auto\" srcset=\"https:\/\/www.a-emotionallight.com\/wp-content\/uploads\/2025\/03\/2501-a\u00b7emotional-light-LoRes-\u00a9Studio-Aranda-Santos-10-2-682x1024.jpg 682w, https:\/\/www.a-emotionallight.com\/wp-content\/uploads\/2025\/03\/2501-a\u00b7emotional-light-LoRes-\u00a9Studio-Aranda-Santos-10-2-1023x1536.jpg 1023w, https:\/\/www.a-emotionallight.com\/wp-content\/uploads\/2025\/03\/2501-a\u00b7emotional-light-LoRes-\u00a9Studio-Aranda-Santos-10-2-700x1051.jpg 700w, https:\/\/www.a-emotionallight.com\/wp-content\/uploads\/2025\/03\/2501-a\u00b7emotional-light-LoRes-\u00a9Studio-Aranda-Santos-10-2-300x450.jpg 300w, https:\/\/www.a-emotionallight.com\/wp-content\/uploads\/2025\/03\/2501-a\u00b7emotional-light-LoRes-\u00a9Studio-Aranda-Santos-10-2.jpg 1080w\" sizes=\"(max-width: 682px) 100vw, 682px\" \/><\/figure>\n\n\n\n<p>[vc_empty_space height=\u00bb30px\u00bb]<\/p>\n\n\n\n<p>Dos novedades que refuerzan nuestro compromiso con la innovaci\u00f3n y la creatividad en la iluminaci\u00f3n decorativa, ampliando el lenguaje lum\u00ednico de a\u00b7emotional light y ofreciendo nuevas formas de experimentar la luz como un elemento vivo y en constante di\u00e1logo con el espacio.\u00a0[vc_empty_space height=\u00bb30px\u00bb]<\/p>\n<\/section>","protected":false},"excerpt":{"rendered":"<p>[vc_row row_type=\u00bbrow\u00bb use_row_as_full_screen_section=\u00bbno\u00bb type=\u00bbfull_width\u00bb text_align=\u00bbleft\u00bb background_animation=\u00bbnone\u00bb css_animation=\u00bb\u00bb][vc_column][vc_column_text]<\/p>\n","protected":false},"author":2,"featured_media":58498,"comment_status":"open","ping_status":"open","sticky":false,"template":"","format":"standard","meta":{"inline_featured_image":false,"footnotes":""},"categories":[68],"tags":[],"aioseo_notices":[],"_links":{"self":[{"href":"https:\/\/www.a-emotionallight.com\/es\/wp-json\/wp\/v2\/posts\/58479"}],"collection":[{"href":"https:\/\/www.a-emotionallight.com\/es\/wp-json\/wp\/v2\/posts"}],"about":[{"href":"https:\/\/www.a-emotionallight.com\/es\/wp-json\/wp\/v2\/types\/post"}],"author":[{"embeddable":true,"href":"https:\/\/www.a-emotionallight.com\/es\/wp-json\/wp\/v2\/users\/2"}],"replies":[{"embeddable":true,"href":"https:\/\/www.a-emotionallight.com\/es\/wp-json\/wp\/v2\/comments?post=58479"}],"version-history":[{"count":3,"href":"https:\/\/www.a-emotionallight.com\/es\/wp-json\/wp\/v2\/posts\/58479\/revisions"}],"predecessor-version":[{"id":58512,"href":"https:\/\/www.a-emotionallight.com\/es\/wp-json\/wp\/v2\/posts\/58479\/revisions\/58512"}],"wp:featuredmedia":[{"embeddable":true,"href":"https:\/\/www.a-emotionallight.com\/es\/wp-json\/wp\/v2\/media\/58498"}],"wp:attachment":[{"href":"https:\/\/www.a-emotionallight.com\/es\/wp-json\/wp\/v2\/media?parent=58479"}],"wp:term":[{"taxonomy":"category","embeddable":true,"href":"https:\/\/www.a-emotionallight.com\/es\/wp-json\/wp\/v2\/categories?post=58479"},{"taxonomy":"post_tag","embeddable":true,"href":"https:\/\/www.a-emotionallight.com\/es\/wp-json\/wp\/v2\/tags?post=58479"}],"curies":[{"name":"wp","href":"https:\/\/api.w.org\/{rel}","templated":true}]}}