{"id":60153,"date":"2025-06-09T12:56:09","date_gmt":"2025-06-09T12:56:09","guid":{"rendered":"https:\/\/www.a-emotionallight.com\/?p=60153"},"modified":"2025-06-09T13:00:58","modified_gmt":"2025-06-09T13:00:58","slug":"euroluce-2025-algo-inolvidable","status":"publish","type":"post","link":"https:\/\/www.a-emotionallight.com\/es\/euroluce-2025-algo-inolvidable\/","title":{"rendered":"\u00a1Euroluce 2025 algo inolvidable!"},"content":{"rendered":"<section class=\"wpb-content-wrapper\"><p>[vc_row row_type=\u00bbrow\u00bb use_row_as_full_screen_section=\u00bbno\u00bb type=\u00bbfull_width\u00bb text_align=\u00bbleft\u00bb background_animation=\u00bbnone\u00bb css_animation=\u00bb\u00bb][vc_column][vc_column_text]<\/p>\r\n<p><strong>\u00a1Gracias por hacer de Euroluce 2025 algo inolvidable!<\/strong><\/p>\r\n<p>[\/vc_column_text][vc_empty_space][vc_column_text]<\/p>\r\n<p><br \/>\r\n<!--more--><\/p>\r\n<p>[\/vc_column_text][vc_empty_space height=\u00bb20px\u00bb][\/vc_column][\/vc_row][vc_row row_type=\u00bbrow\u00bb use_row_as_full_screen_section=\u00bbno\u00bb type=\u00bbfull_width\u00bb text_align=\u00bbleft\u00bb background_animation=\u00bbnone\u00bb css_animation=\u00bb\u00bb][vc_column width=\u00bb1\/2&#8243;][vc_single_image image=\u00bb59936&#8243; img_size=\u00bblarge\u00bb onclick=\u00bbcustom_link\u00bb img_link_target=\u00bb_blank\u00bb qode_css_animation=\u00bb\u00bb link=\u00bbhttps:\/\/www.a-emotionallight.com\/anel-collection\/\u00bb][vc_column_text]<\/p>\r\n<p><a href=\"https:\/\/www.a-emotionallight.com\/anel-collection\/\" target=\"_blank\" rel=\"noopener\"><small><strong>ANEL LARGE<\/strong><\/small><\/a><br \/>\r\n<small>a\u00b7emotionallight desing team<\/small><\/p>\r\n<p>[\/vc_column_text][\/vc_column][vc_column width=\u00bb1\/2&#8243;][vc_empty_space height=\u00bb20px\u00bb][vc_column_text]<\/p>\r\n<p>En a\u00b7emotionallight, creemos en el poder de la luz para conmover, conectar y contar historias. Esta convicci\u00f3n se hizo realidad en Euroluce 2025, donde tuvimos el privilegio de compartir nuestra visi\u00f3n con el mundo una vez m\u00e1s.<\/p>\r\n<p>[\/vc_column_text][\/vc_column][\/vc_row][vc_row row_type=\u00bbrow\u00bb use_row_as_full_screen_section=\u00bbno\u00bb type=\u00bbfull_width\u00bb text_align=\u00bbleft\u00bb background_animation=\u00bbnone\u00bb css_animation=\u00bb\u00bb][vc_column][vc_empty_space][vc_column_text]<\/p>\r\n<p>Nuestra presencia en la edici\u00f3n de este a\u00f1o de Euroluce super\u00f3 todas las expectativas. Nos impresion\u00f3 la incre\u00edble respuesta, la afluencia de visitantes y el genuino inter\u00e9s mostrado en nuestras nuevas colecciones. Desde profesionales del dise\u00f1o y medios de comunicaci\u00f3n internacionales hasta amantes de la iluminaci\u00f3n de todo el mundo, gracias por visitarnos, interactuar con nosotros y sentir la luz.<\/p>\r\n<p>[\/vc_column_text][vc_empty_space][vc_column_text]<\/p>\r\n<p>Nuestro stand fue m\u00e1s que una exhibici\u00f3n; fue una experiencia. Un espacio donde la artesan\u00eda se fusion\u00f3 con la emoci\u00f3n, y donde cada luminaria reflej\u00f3 el alma de nuestra marca: honesta, c\u00e1lida y humana. Ver a tantos de ustedes conectar con nuestro trabajo nos record\u00f3 por qu\u00e9 hacemos lo que hacemos.<\/p>\r\n<p>[\/vc_column_text][vc_empty_space][vc_single_image image=\u00bb59934&#8243; img_size=\u00bblarge\u00bb qode_css_animation=\u00bb\u00bb][vc_empty_space][vc_column_text]<\/p>\r\n<p>Queremos expresar nuestro m\u00e1s sincero agradecimiento a todos los que hicieron posible este momento: nuestro dedicado equipo, nuestros colaboradores creativos, nuestros valiosos socios y distribuidores, y a todos y cada uno de los visitantes que compartieron un momento con nosotros durante la feria.<\/p>\r\n<p>[\/vc_column_text][vc_empty_space][vc_column_text]<\/p>\r\n<p>Euroluce 2025 no fue solo un escaparate. Fue una celebraci\u00f3n de la luz, el dise\u00f1o y las conexiones emocionales que creamos a trav\u00e9s de ellos. Y no lo habr\u00edamos logrado sin vosotros.<\/p>\r\n<p>[\/vc_column_text][\/vc_column][\/vc_row][vc_row row_type=\u00bbrow\u00bb use_row_as_full_screen_section=\u00bbno\u00bb type=\u00bbfull_width\u00bb text_align=\u00bbleft\u00bb background_animation=\u00bbnone\u00bb css_animation=\u00bb\u00bb][vc_column][vc_empty_space][vc_single_image image=\u00bb59940&#8243; img_size=\u00bblarge\u00bb onclick=\u00bbcustom_link\u00bb qode_css_animation=\u00bb\u00bb link=\u00bbhttps:\/\/www.a-emotionallight.com\/portfolio_page\/bretema-br04\/\u00bb][vc_column_text]<\/p>\r\n<p><a href=\"https:\/\/www.a-emotionallight.com\/portfolio_page\/bretema-br04\/\" target=\"_blank\" rel=\"noopener\"><small><strong>BR\u00c9TEMA<\/strong><\/small><\/a><br \/>\r\n<small>a\u00b7emotionallight desing team<\/small><\/p>\r\n<p>[\/vc_column_text][\/vc_column][\/vc_row][vc_row row_type=\u00bbrow\u00bb use_row_as_full_screen_section=\u00bbno\u00bb type=\u00bbfull_width\u00bb text_align=\u00bbleft\u00bb background_animation=\u00bbnone\u00bb css_animation=\u00bb\u00bb][vc_column][vc_empty_space][vc_empty_space][vc_column_text]<\/p>\r\n<p><strong>Discubre nuestras nuevas colecciones<\/strong><\/p>\r\n<p>[\/vc_column_text][vc_empty_space][vc_column_text]<\/p>\r\n<p>En a\u00b7emotional light, nos mantenemos fieles a nuestro prop\u00f3sito: crear piezas de iluminaci\u00f3n que transmitan emoci\u00f3n, elaboradas con alma artesanal y profundo respeto por nuestros or\u00edgenes. Con este esp\u00edritu, presentamos algunas de nuestras \u00faltimas colecciones: Br\u00e9tema, Umbra y la evoluci\u00f3n de Parga y Veiga, ahora con nuevos materiales que ampl\u00edan su potencial expresivo.<\/p>\r\n<p>[\/vc_column_text][vc_empty_space][vc_column_text]<\/p>\r\n<p>Br\u00e9tema se inspira en la niebla gallega, una presencia et\u00e9rea que suaviza el paisaje y lo envuelve de misterio. Es una luminaria que revela sutilmente, filtrando la luz con delicada delicadeza. Est\u00e1 disponible en tama\u00f1os Peque\u00f1o, Mediano y Grande.<\/p>\r\n<p>[\/vc_column_text][vc_empty_space][vc_column_text]<\/p>\r\n<p>Umbra, dise\u00f1ada por Isaac Pi\u00f1eiro, por el contrario, profundiza en el juego de luces y sombras, ofreciendo una presencia audaz y escult\u00f3rica y una lectura m\u00e1s introspectiva del espacio. Mediante geometr\u00edas simples y juegos de claroscuros, ofrece una luz ambiental que genera conjuntos a trav\u00e9s de vol\u00famenes y proyecciones sobre superficies.<\/p>\r\n<p>[\/vc_column_text][vc_empty_space][\/vc_column][\/vc_row][vc_row row_type=\u00bbrow\u00bb use_row_as_full_screen_section=\u00bbno\u00bb type=\u00bbfull_width\u00bb text_align=\u00bbleft\u00bb background_animation=\u00bbnone\u00bb css_animation=\u00bb\u00bb][vc_column width=\u00bb1\/2&#8243;][vc_single_image image=\u00bb59930&#8243; img_size=\u00bblarge\u00bb onclick=\u00bbcustom_link\u00bb img_link_target=\u00bb_blank\u00bb qode_css_animation=\u00bb\u00bb link=\u00bbhttps:\/\/www.a-emotionallight.com\/portfolio_page\/umbra-ul106\/\u00bb][vc_column_text]<\/p>\r\n<p><a href=\"https:\/\/www.a-emotionallight.com\/portfolio_page\/umbra-ul106\/\" target=\"_blank\" rel=\"noopener\"><small><strong>UMBRA LINE<\/strong><\/small><\/a><br \/>\r\n<small>Isaac Pi\u00f1eiro<\/small><\/p>\r\n<p>[\/vc_column_text][\/vc_column][vc_column width=\u00bb1\/2&#8243;][vc_single_image image=\u00bb59928&#8243; img_size=\u00bblarge\u00bb onclick=\u00bbcustom_link\u00bb img_link_target=\u00bb_blank\u00bb qode_css_animation=\u00bb\u00bb link=\u00bbhttps:\/\/www.a-emotionallight.com\/portfolio_page\/umbra-uro06\/\u00bb][vc_column_text]<\/p>\r\n<p><a href=\"https:\/\/www.a-emotionallight.com\/portfolio_page\/umbra-uro06\/\" target=\"_blank\" rel=\"noopener\"><small><strong>UMBRA LINE<\/strong><\/small><\/a><br \/>\r\n<small>Isaac Pi\u00f1eiro<\/small><\/p>\r\n<p>[\/vc_column_text][\/vc_column][\/vc_row][vc_row row_type=\u00bbrow\u00bb use_row_as_full_screen_section=\u00bbno\u00bb type=\u00bbfull_width\u00bb text_align=\u00bbleft\u00bb background_animation=\u00bbnone\u00bb css_animation=\u00bb\u00bb][vc_column][vc_empty_space][vc_column_text]<\/p>\r\n<p>Tambi\u00e9n avanzamos en la exploraci\u00f3n de materiales con Parga y Veiga, dos colecciones ahora enriquecidas con acabados innovadores que realzan su identidad t\u00e1ctil y visual, siempre fieles al equilibrio entre tradici\u00f3n y dise\u00f1o contempor\u00e1neo. Por un lado, tenemos Parga Ceramic, dise\u00f1ada por Cenlitros, con tres nuevos acabados (Negro, Borgo\u00f1a y Blanco). Los componentes cer\u00e1micos se elaboran artesanalmente con t\u00e9cnicas tradicionales, lo que confiere a cada pieza un car\u00e1cter \u00fanico: c\u00e1lido, t\u00e1ctil y con una atm\u00f3sfera terrosa. Esta materialidad terrosa conecta el objeto con la tierra, con nuestras ra\u00edces.<\/p>\r\n<p>[\/vc_column_text][vc_empty_space][\/vc_column][\/vc_row][vc_row row_type=\u00bbrow\u00bb use_row_as_full_screen_section=\u00bbno\u00bb type=\u00bbfull_width\u00bb text_align=\u00bbleft\u00bb background_animation=\u00bbnone\u00bb css_animation=\u00bb\u00bb][vc_column width=\u00bb1\/2&#8243;][vc_single_image image=\u00bb59926&#8243; img_size=\u00bblarge\u00bb onclick=\u00bbcustom_link\u00bb img_link_target=\u00bb_blank\u00bb qode_css_animation=\u00bb\u00bb link=\u00bbhttps:\/\/www.a-emotionallight.com\/parga-collection\/\u00bb][vc_column_text]<\/p>\r\n<p><a href=\"https:\/\/www.a-emotionallight.com\/parga-collection\/\" target=\"_blank\" rel=\"noopener\"><small><strong>PARGA CERAMIC<\/strong><\/small><\/a><br \/>\r\n<small>Cenlitros<\/small><\/p>\r\n<p>[\/vc_column_text][\/vc_column][vc_column width=\u00bb1\/2&#8243;][vc_single_image image=\u00bb59938&#8243; img_size=\u00bblarge\u00bb onclick=\u00bbcustom_link\u00bb img_link_target=\u00bb_blank\u00bb qode_css_animation=\u00bb\u00bb link=\u00bbhttps:\/\/www.a-emotionallight.com\/portfolio_page\/va04\/\u00bb][vc_column_text]<\/p>\r\n<p><a href=\"https:\/\/www.a-emotionallight.com\/portfolio_page\/va04\/\" target=\"_blank\" rel=\"noopener\"><small><strong>VEIGA<\/strong><\/small><\/a><br \/>\r\n<small>Isaac Pi\u00f1eiro<\/small><\/p>\r\n<p>[\/vc_column_text][\/vc_column][\/vc_row][vc_row row_type=\u00bbrow\u00bb use_row_as_full_screen_section=\u00bbno\u00bb type=\u00bbfull_width\u00bb text_align=\u00bbleft\u00bb background_animation=\u00bbnone\u00bb css_animation=\u00bb\u00bb][vc_column][vc_empty_space][vc_column_text]<\/p>\r\n<p>Por otro lado, Veiga, de Isaac Pi\u00f1eiro, es una l\u00e1mpara discreta que armoniza la luz, el color y la forma con su entorno gracias al cristal coloreado. Est\u00e1 disponible en tres colores: beige, blanco y amatista. El cristal coloreado aporta una nueva vitalidad y profundidad al dise\u00f1o. Los tonos cuidadosamente seleccionados filtran la luz de forma delicada e inesperada, aportando matices, riqueza y resonancia emocional a la atm\u00f3sfera que crea cada l\u00e1mpara.<\/p>\r\n<p>[\/vc_column_text][vc_empty_space][vc_column_text]<\/p>\r\n<p>En definitiva, estos nuevos lanzamientos reflejan nuestro deseo de seguir evolucionando. Porque para nosotros, la luz es un lenguaje que habla de artesan\u00eda, de territorio, de belleza serena. Conecta a las personas con los espacios y a los espacios con las emociones. A trav\u00e9s de cada pieza, buscamos contar historias que resuenen con suavidad, profundidad y significado.<\/p>\r\n<p>[\/vc_column_text][\/vc_column][\/vc_row]<\/p>\r\n<\/section>","protected":false},"excerpt":{"rendered":"<p>[vc_row row_type=\u00bbrow\u00bb use_row_as_full_screen_section=\u00bbno\u00bb type=\u00bbfull_width\u00bb text_align=\u00bbleft\u00bb background_animation=\u00bbnone\u00bb css_animation=\u00bb\u00bb][vc_column][vc_column_text] \u00a1Gracias por hacer de Euroluce 2025 algo inolvidable! [\/vc_column_text][vc_empty_space][vc_column_text]<\/p>\n","protected":false},"author":1,"featured_media":59932,"comment_status":"open","ping_status":"open","sticky":false,"template":"","format":"standard","meta":{"inline_featured_image":false,"footnotes":""},"categories":[13],"tags":[],"aioseo_notices":[],"_links":{"self":[{"href":"https:\/\/www.a-emotionallight.com\/es\/wp-json\/wp\/v2\/posts\/60153"}],"collection":[{"href":"https:\/\/www.a-emotionallight.com\/es\/wp-json\/wp\/v2\/posts"}],"about":[{"href":"https:\/\/www.a-emotionallight.com\/es\/wp-json\/wp\/v2\/types\/post"}],"author":[{"embeddable":true,"href":"https:\/\/www.a-emotionallight.com\/es\/wp-json\/wp\/v2\/users\/1"}],"replies":[{"embeddable":true,"href":"https:\/\/www.a-emotionallight.com\/es\/wp-json\/wp\/v2\/comments?post=60153"}],"version-history":[{"count":4,"href":"https:\/\/www.a-emotionallight.com\/es\/wp-json\/wp\/v2\/posts\/60153\/revisions"}],"predecessor-version":[{"id":60156,"href":"https:\/\/www.a-emotionallight.com\/es\/wp-json\/wp\/v2\/posts\/60153\/revisions\/60156"}],"wp:featuredmedia":[{"embeddable":true,"href":"https:\/\/www.a-emotionallight.com\/es\/wp-json\/wp\/v2\/media\/59932"}],"wp:attachment":[{"href":"https:\/\/www.a-emotionallight.com\/es\/wp-json\/wp\/v2\/media?parent=60153"}],"wp:term":[{"taxonomy":"category","embeddable":true,"href":"https:\/\/www.a-emotionallight.com\/es\/wp-json\/wp\/v2\/categories?post=60153"},{"taxonomy":"post_tag","embeddable":true,"href":"https:\/\/www.a-emotionallight.com\/es\/wp-json\/wp\/v2\/tags?post=60153"}],"curies":[{"name":"wp","href":"https:\/\/api.w.org\/{rel}","templated":true}]}}